{"id":1888,"date":"2024-03-11T14:58:17","date_gmt":"2024-03-11T19:58:17","guid":{"rendered":"https:\/\/incp.org.co\/agendatributariaincp\/?p=1888"},"modified":"2024-03-11T14:58:18","modified_gmt":"2024-03-11T19:58:18","slug":"como-se-deben-estimar-los-costos-y-gastos-en-la-declaracion-de-renta-de-personas-naturales","status":"publish","type":"post","link":"https:\/\/incp.org.co\/agendatributariaincp\/noticias\/2024\/03\/como-se-deben-estimar-los-costos-y-gastos-en-la-declaracion-de-renta-de-personas-naturales\/","title":{"rendered":"\u00bfC\u00f3mo se deben estimar los costos y gastos en la declaraci\u00f3n de renta de personas naturales?"},"content":{"rendered":"\n<p>La Direcci\u00f3n de Impuestos y Aduanas Nacionales (DIAN) public\u00f3 el Concepto No. 48 del 29 de enero de 2024, con el cual realiz\u00f3 una cuarta adici\u00f3n al Concepto General sobre el impuesto de renta a cargo de las personas naturales con motivo de la Ley 2277 de 2022 (reforma tributaria).<\/p>\n\n\n\n<p>En esta ocasi\u00f3n, la DIAN absolvi\u00f3 la siguiente consulta textual: \u201c\u00bfC\u00f3mo funciona la estimaci\u00f3n de costos y gastos?\u201d.<\/p>\n\n\n\n<p>Ante esto, la administraci\u00f3n tributaria record\u00f3 que la Ley 2277 de 2022 adicion\u00f3 el art\u00edculo 336-1 al Estatuto Tributario (E.T.), el cual estableci\u00f3 que para efectos del art\u00edculo 336 del E.T., la DIAN podr\u00e1 estimar topes indicativos de costos y gastos deducibles. Para las rentas de trabajo en las cuales procedan costos y gastos deducibles estos se estiman en sesenta por ciento (60&nbsp;%) de los ingresos brutos. As\u00ed bien, cuando el contribuyente exceda el tope para cualquiera de las actividades econ\u00f3micas que realice, deber\u00e1 as\u00ed indicarlo expresamente en su declaraci\u00f3n de renta, de manera informativa, para lo cual la DIAN incluir\u00e1 dicha casilla en el formulario de la declaraci\u00f3n del impuesto. Adem\u00e1s, dichos costos y gastos deber\u00e1n encontrarse soportados con factura electr\u00f3nica de venta, comprobante de n\u00f3mina electr\u00f3nica y\/o documentos equivalentes electr\u00f3nicos, y ser\u00e1n deducibles siempre que cumplan con los requisitos legales vigentes para tal efecto.<\/p>\n\n\n\n<p>De lo anterior se deduce que la DIAN puede estimar topes indicativos de costos y gastos deducibles para efectos de la determinaci\u00f3n de la renta l\u00edquida de la c\u00e9dula general. Sin perjuicio de lo anterior, en el caso de las rentas de trabajo el legislador fij\u00f3 en un 60&nbsp;% de los ingresos brutos del contribuyente la estimaci\u00f3n de costos y gastos deducibles, siempre y cuando estos sean procedentes.<\/p>\n\n\n\n<p>Para m\u00e1s informaci\u00f3n, consulte el documento adjunto.<\/p>\n\n\n\n<p>Ver: <a href=\"https:\/\/incp.org.co\/agendatributariaincp\/wp-content\/uploads\/2024\/03\/Concepto-No.-48-del-29-de-enero-de-2024-DIAN.pdf\">Concepto No. 48 del 29 de enero de 2024 &#8211; DIAN<\/a><\/p>\n\n\n\n<p><strong>Redacci\u00f3n INCP<\/strong><\/p>\n","protected":false},"excerpt":{"rendered":"<p>La Direcci\u00f3n de Impuestos y Aduanas Nacionales (DIAN) public\u00f3 el Concepto No. 48 del 29 de enero de 2024, con el cual realiz\u00f3 una cuarta adici\u00f3n al Concepto General sobre el impuesto de renta a cargo de las personas naturales con motivo de la Ley 2277 de 2022 (reforma tributaria). En esta ocasi\u00f3n, la DIAN&hellip; <br \/> <a class=\"read-more\" href=\"https:\/\/incp.org.co\/agendatributariaincp\/noticias\/2024\/03\/como-se-deben-estimar-los-costos-y-gastos-en-la-declaracion-de-renta-de-personas-naturales\/\">Read more<\/a><\/p>\n","protected":false},"author":24468,"featured_media":1892,"comment_status":"open","ping_status":"open","sticky":false,"template":"","format":"standard","meta":{"footnotes":""},"categories":[13],"tags":[],"class_list":["post-1888","post","type-post","status-publish","format-standard","has-post-thumbnail","hentry","category-noticias"],"_links":{"self":[{"href":"https:\/\/incp.org.co\/agendatributariaincp\/wp-json\/wp\/v2\/posts\/1888","targetHints":{"allow":["GET"]}}],"collection":[{"href":"https:\/\/incp.org.co\/agendatributariaincp\/wp-json\/wp\/v2\/posts"}],"about":[{"href":"https:\/\/incp.org.co\/agendatributariaincp\/wp-json\/wp\/v2\/types\/post"}],"author":[{"embeddable":true,"href":"https:\/\/incp.org.co\/agendatributariaincp\/wp-json\/wp\/v2\/users\/24468"}],"replies":[{"embeddable":true,"href":"https:\/\/incp.org.co\/agendatributariaincp\/wp-json\/wp\/v2\/comments?post=1888"}],"version-history":[{"count":1,"href":"https:\/\/incp.org.co\/agendatributariaincp\/wp-json\/wp\/v2\/posts\/1888\/revisions"}],"predecessor-version":[{"id":1893,"href":"https:\/\/incp.org.co\/agendatributariaincp\/wp-json\/wp\/v2\/posts\/1888\/revisions\/1893"}],"wp:featuredmedia":[{"embeddable":true,"href":"https:\/\/incp.org.co\/agendatributariaincp\/wp-json\/wp\/v2\/media\/1892"}],"wp:attachment":[{"href":"https:\/\/incp.org.co\/agendatributariaincp\/wp-json\/wp\/v2\/media?parent=1888"}],"wp:term":[{"taxonomy":"category","embeddable":true,"href":"https:\/\/incp.org.co\/agendatributariaincp\/wp-json\/wp\/v2\/categories?post=1888"},{"taxonomy":"post_tag","embeddable":true,"href":"https:\/\/incp.org.co\/agendatributariaincp\/wp-json\/wp\/v2\/tags?post=1888"}],"curies":[{"name":"wp","href":"https:\/\/api.w.org\/{rel}","templated":true}]}}