{"id":1894,"date":"2024-03-11T14:59:34","date_gmt":"2024-03-11T19:59:34","guid":{"rendered":"https:\/\/incp.org.co\/agendatributariaincp\/?p=1894"},"modified":"2024-03-11T14:59:35","modified_gmt":"2024-03-11T19:59:35","slug":"se-redujeron-las-tarifas-de-autorretencion-del-impuesto-sobre-la-renta-para-el-sector-minero","status":"publish","type":"post","link":"https:\/\/incp.org.co\/agendatributariaincp\/noticias\/2024\/03\/se-redujeron-las-tarifas-de-autorretencion-del-impuesto-sobre-la-renta-para-el-sector-minero\/","title":{"rendered":"Se redujeron las tarifas de autorretenci\u00f3n del impuesto sobre la renta para el sector minero"},"content":{"rendered":"\n<p>El Ministerio de Hacienda y Cr\u00e9dito P\u00fablico (MinHacienda) expidi\u00f3 el Decreto No. 0242 del 29 de febrero de 2024*, por medio del cual modific\u00f3 las tarifas de retenci\u00f3n y autorretenci\u00f3n a t\u00edtulo de impuesto sobre la renta del sector minero para alinearlas con las disposiciones introducidas por la Ley 2277 de 2022 (reforma tributaria). Recordemos que el par\u00e1grafo 3 del art\u00edculo 10 de dicha ley, estableci\u00f3 tarifas del impuesto de renta para las actividades extractivas acordes al nivel de los precios internacionales del carb\u00f3n y del petr\u00f3leo crudo, lo cual reflej\u00f3 la necesidad de que las autorretenciones de este sector se comporten en l\u00ednea con las condiciones vigentes de los precios.<\/p>\n\n\n\n<p>As\u00ed bien, las tarifas de autorretenci\u00f3n y retenci\u00f3n en la fuente a t\u00edtulo de impuesto de renta y complementarios sobre el valor bruto del pago o abono en cuenta por concepto de divisas provenientes del exterior por exportaci\u00f3n de hidrocarburos, carb\u00f3n y dem\u00e1s productos mineros, quedaron de la siguiente manera:<\/p>\n\n\n\n<ul class=\"wp-block-list\">\n<li>Exportaciones de hidrocarburos: 3,0&nbsp;%<\/li>\n\n\n\n<li>Exportaciones de carb\u00f3n, extracci\u00f3n de hulla (CIIU 0510) y extracci\u00f3n de carb\u00f3n lignito (CIIU 0520): 1,0&nbsp;%<\/li>\n\n\n\n<li>Exportaciones de dem\u00e1s productos mineros, incluyendo el oro: 1,0&nbsp;%<\/li>\n<\/ul>\n\n\n\n<p>En l\u00ednea con lo anterior, las autorretenciones a t\u00edtulo del impuesto sobre la renta se realizar\u00e1n de acuerdo con las actividades econ\u00f3micas y tarifas descritas en la tabla contenida en el art\u00edculo 2 del mencionado decreto.<\/p>\n\n\n\n<p>Para m\u00e1s informaci\u00f3n, consulte el documento adjunto.<\/p>\n\n\n\n<p>Ver: <a href=\"https:\/\/incp.org.co\/agendatributariaincp\/wp-content\/uploads\/2024\/03\/Decreto-No.-0242-del-29-de-febrero-de-2024-MinHacienda.pdf\">Decreto No. 0242 de 2024 &#8211; MinHacienda<\/a><\/p>\n\n\n\n<p><em>*Por el cual se sustituyen los art\u00edculos 1.2.4.10.12. del Cap\u00edtulo 10 del T\u00edtulo 4 de la Parte 2 del Libro 1 y 1.2.6.8. del T\u00edtulo 6 de la Parte 2 del Libro 1 del Decreto 1625 de 2016, \u00danico Reglamentario en Materia Tributaria, correspondientes a las tarifas de retenci\u00f3n y autorretenci\u00f3n del impuesto sobre la renta<\/em><\/p>\n\n\n\n<p><strong>Redacci\u00f3n INCP<\/strong><\/p>\n","protected":false},"excerpt":{"rendered":"<p>El Ministerio de Hacienda y Cr\u00e9dito P\u00fablico (MinHacienda) expidi\u00f3 el Decreto No. 0242 del 29 de febrero de 2024*, por medio del cual modific\u00f3 las tarifas de retenci\u00f3n y autorretenci\u00f3n a t\u00edtulo de impuesto sobre la renta del sector minero para alinearlas con las disposiciones introducidas por la Ley 2277 de 2022 (reforma tributaria). Recordemos&hellip; <br \/> <a class=\"read-more\" href=\"https:\/\/incp.org.co\/agendatributariaincp\/noticias\/2024\/03\/se-redujeron-las-tarifas-de-autorretencion-del-impuesto-sobre-la-renta-para-el-sector-minero\/\">Read more<\/a><\/p>\n","protected":false},"author":24468,"featured_media":1891,"comment_status":"open","ping_status":"open","sticky":false,"template":"","format":"standard","meta":{"footnotes":""},"categories":[13],"tags":[],"class_list":["post-1894","post","type-post","status-publish","format-standard","has-post-thumbnail","hentry","category-noticias"],"_links":{"self":[{"href":"https:\/\/incp.org.co\/agendatributariaincp\/wp-json\/wp\/v2\/posts\/1894","targetHints":{"allow":["GET"]}}],"collection":[{"href":"https:\/\/incp.org.co\/agendatributariaincp\/wp-json\/wp\/v2\/posts"}],"about":[{"href":"https:\/\/incp.org.co\/agendatributariaincp\/wp-json\/wp\/v2\/types\/post"}],"author":[{"embeddable":true,"href":"https:\/\/incp.org.co\/agendatributariaincp\/wp-json\/wp\/v2\/users\/24468"}],"replies":[{"embeddable":true,"href":"https:\/\/incp.org.co\/agendatributariaincp\/wp-json\/wp\/v2\/comments?post=1894"}],"version-history":[{"count":1,"href":"https:\/\/incp.org.co\/agendatributariaincp\/wp-json\/wp\/v2\/posts\/1894\/revisions"}],"predecessor-version":[{"id":1895,"href":"https:\/\/incp.org.co\/agendatributariaincp\/wp-json\/wp\/v2\/posts\/1894\/revisions\/1895"}],"wp:featuredmedia":[{"embeddable":true,"href":"https:\/\/incp.org.co\/agendatributariaincp\/wp-json\/wp\/v2\/media\/1891"}],"wp:attachment":[{"href":"https:\/\/incp.org.co\/agendatributariaincp\/wp-json\/wp\/v2\/media?parent=1894"}],"wp:term":[{"taxonomy":"category","embeddable":true,"href":"https:\/\/incp.org.co\/agendatributariaincp\/wp-json\/wp\/v2\/categories?post=1894"},{"taxonomy":"post_tag","embeddable":true,"href":"https:\/\/incp.org.co\/agendatributariaincp\/wp-json\/wp\/v2\/tags?post=1894"}],"curies":[{"name":"wp","href":"https:\/\/api.w.org\/{rel}","templated":true}]}}