{"id":1896,"date":"2024-03-11T15:01:47","date_gmt":"2024-03-11T20:01:47","guid":{"rendered":"https:\/\/incp.org.co\/agendatributariaincp\/?p=1896"},"modified":"2024-03-11T15:01:48","modified_gmt":"2024-03-11T20:01:48","slug":"a-partir-de-agosto-se-usara-un-nuevo-formulario-para-la-declaracion-de-retenciones-en-la-fuente","status":"publish","type":"post","link":"https:\/\/incp.org.co\/agendatributariaincp\/noticias\/2024\/03\/a-partir-de-agosto-se-usara-un-nuevo-formulario-para-la-declaracion-de-retenciones-en-la-fuente\/","title":{"rendered":"A partir de agosto se usar\u00e1 un nuevo formulario para la declaraci\u00f3n de retenciones en la fuente"},"content":{"rendered":"\n<p>La Direcci\u00f3n de Impuestos y Aduanas Nacionales (DIAN) expidi\u00f3 la Resoluci\u00f3n No. 000031 del 29 de febrero de 2024*, por medio de la cual prescribi\u00f3 el Formulario No. 350 \u2013 <em>Declaraci\u00f3n de retenciones en la fuente<\/em> para el cumplimiento de las obligaciones tributarias a partir del 1 de agosto de 2024.<\/p>\n\n\n\n<p>Recordemos que el Decreto 261 del 24 de febrero de 2023** estableci\u00f3 nuevas tarifas de retenciones y autorretenciones en la fuente por ingresos provenientes de la exportaci\u00f3n o venta a sociedades de comercializaci\u00f3n internacional de hidrocarburos, carb\u00f3n y dem\u00e1s productos mineros. Asimismo, la Ley 2277 de 2022 (reforma tributaria) estableci\u00f3 una retenci\u00f3n en la fuente por concepto de venta de bienes y\/o prestaci\u00f3n de servicios, por parte de los sujetos pasivos del impuesto sobre la renta y complementario a las personas no residentes o entidades no domiciliadas en el pa\u00eds con presencia econ\u00f3mica significativa (PES) en Colombia, a favor de clientes y\/o usuarios ubicados en el territorio nacional.<\/p>\n\n\n\n<p>Teniendo en cuenta lo anterior, la DIAN prescribi\u00f3 un nuevo formulario para el cumplimiento de la obligaci\u00f3n tributaria a cargo de los agentes retenedores a partir del 1 de agosto de 2024. Este formulario ser\u00e1 de uso obligatorio para quienes por expresa disposici\u00f3n legal hayan sido definidos como agentes de retenci\u00f3n por concepto de los impuestos sobre la renta y complementario, impuesto sobre las ventas, timbre nacional y autorretenci\u00f3n a t\u00edtulo de impuesto sobre la renta y complementario.<\/p>\n\n\n\n<p>Para m\u00e1s informaci\u00f3n, consulte el documento adjunto.<\/p>\n\n\n\n<p>Ver: <a href=\"https:\/\/incp.org.co\/agendatributariaincp\/wp-content\/uploads\/2024\/03\/Resolucion-No.-000031-del-29-de-febrero-de-2024-DIAN.pdf\">Resoluci\u00f3n No. 000031 del 29 de febrero de 2024 &#8211; DIAN<\/a><\/p>\n\n\n\n<p><em>*Por la cual se prescribe el formulario No. 350 \u201cDeclaraci\u00f3n de retenciones en la fuente\u201d para el cumplimiento de las obligaciones tributarias a partir del 1 de agosto de 2024.<\/em><\/p>\n\n\n\n<p><em>**Por el cual se sustituyen los art\u00edculos 1.2.4.10.12. del Cap\u00edtulo 10 del T\u00edtulo 4 de la Parte 2 del Libro 1 y 1.2.6.8. del T\u00edtulo 6 de la Parte 2 del Libro 1 y se deroga el art\u00edculo 1.2.7.1.3. del Cap\u00edtulo 1 del T\u00edtulo 7 de la Parte 2 del Libro 1 del Decreto 1625 de 2016, \u00danico Reglamentario en Materia Tributaria, y se reglamentan el inciso 1 y par\u00e1grafo 2 del art\u00edculo 365 y el inciso 1 y par\u00e1grafo 1 del art\u00edculo 366-1 del Estatuto Tributario en lo relacionado con las tarifas de autorretenci\u00f3n y retenci\u00f3n en la fuente por concepto del impuesto sobre la renta.<\/em><\/p>\n\n\n\n<p><strong>Redacci\u00f3n INCP<\/strong><\/p>\n","protected":false},"excerpt":{"rendered":"<p>La Direcci\u00f3n de Impuestos y Aduanas Nacionales (DIAN) expidi\u00f3 la Resoluci\u00f3n No. 000031 del 29 de febrero de 2024*, por medio de la cual prescribi\u00f3 el Formulario No. 350 \u2013 Declaraci\u00f3n de retenciones en la fuente para el cumplimiento de las obligaciones tributarias a partir del 1 de agosto de 2024. Recordemos que el Decreto&hellip; <br \/> <a class=\"read-more\" href=\"https:\/\/incp.org.co\/agendatributariaincp\/noticias\/2024\/03\/a-partir-de-agosto-se-usara-un-nuevo-formulario-para-la-declaracion-de-retenciones-en-la-fuente\/\">Read more<\/a><\/p>\n","protected":false},"author":24468,"featured_media":1898,"comment_status":"open","ping_status":"open","sticky":false,"template":"","format":"standard","meta":{"footnotes":""},"categories":[13],"tags":[],"class_list":["post-1896","post","type-post","status-publish","format-standard","has-post-thumbnail","hentry","category-noticias"],"_links":{"self":[{"href":"https:\/\/incp.org.co\/agendatributariaincp\/wp-json\/wp\/v2\/posts\/1896","targetHints":{"allow":["GET"]}}],"collection":[{"href":"https:\/\/incp.org.co\/agendatributariaincp\/wp-json\/wp\/v2\/posts"}],"about":[{"href":"https:\/\/incp.org.co\/agendatributariaincp\/wp-json\/wp\/v2\/types\/post"}],"author":[{"embeddable":true,"href":"https:\/\/incp.org.co\/agendatributariaincp\/wp-json\/wp\/v2\/users\/24468"}],"replies":[{"embeddable":true,"href":"https:\/\/incp.org.co\/agendatributariaincp\/wp-json\/wp\/v2\/comments?post=1896"}],"version-history":[{"count":1,"href":"https:\/\/incp.org.co\/agendatributariaincp\/wp-json\/wp\/v2\/posts\/1896\/revisions"}],"predecessor-version":[{"id":1899,"href":"https:\/\/incp.org.co\/agendatributariaincp\/wp-json\/wp\/v2\/posts\/1896\/revisions\/1899"}],"wp:featuredmedia":[{"embeddable":true,"href":"https:\/\/incp.org.co\/agendatributariaincp\/wp-json\/wp\/v2\/media\/1898"}],"wp:attachment":[{"href":"https:\/\/incp.org.co\/agendatributariaincp\/wp-json\/wp\/v2\/media?parent=1896"}],"wp:term":[{"taxonomy":"category","embeddable":true,"href":"https:\/\/incp.org.co\/agendatributariaincp\/wp-json\/wp\/v2\/categories?post=1896"},{"taxonomy":"post_tag","embeddable":true,"href":"https:\/\/incp.org.co\/agendatributariaincp\/wp-json\/wp\/v2\/tags?post=1896"}],"curies":[{"name":"wp","href":"https:\/\/api.w.org\/{rel}","templated":true}]}}