{"id":1902,"date":"2024-03-11T15:05:26","date_gmt":"2024-03-11T20:05:26","guid":{"rendered":"https:\/\/incp.org.co\/agendatributariaincp\/?p=1902"},"modified":"2024-03-11T15:05:26","modified_gmt":"2024-03-11T20:05:26","slug":"la-dian-realizo-una-cuarta-adicion-a-su-concepto-general-sobre-el-simple","status":"publish","type":"post","link":"https:\/\/incp.org.co\/agendatributariaincp\/noticias\/2024\/03\/la-dian-realizo-una-cuarta-adicion-a-su-concepto-general-sobre-el-simple\/","title":{"rendered":"La DIAN realiz\u00f3 una cuarta adici\u00f3n a su Concepto General sobre el SIMPLE"},"content":{"rendered":"\n<p>La Direcci\u00f3n de Impuestos y Aduanas Nacionales (DIAN) public\u00f3 el Oficio No. 100208192-154 del 5 de marzo de 2024, con el cual realiz\u00f3 una cuarta adici\u00f3n a su Concepto General sobre el r\u00e9gimen simple de tributaci\u00f3n (SIMPLE) con motivo de la Ley 2277 de 2022 (reforma tributaria).<\/p>\n\n\n\n<p>En esta ocasi\u00f3n, la DIAN absolvi\u00f3 consultas relacionadas con los efectos de la <a href=\"https:\/\/incp.org.co\/inexequibles-disposiciones-de-la-reforma-tributaria-relacionadas-con-el-tope-y-las-tarifas-del-simple\/\">Sentencia C-540 de 2023<\/a> de la Corte Constitucional, la cual declar\u00f3 inexequibles algunas disposiciones de la Ley 2277 de 2022 relacionadas con el SIMPLE para quienes tienen como actividad econ\u00f3mica la educaci\u00f3n, la atenci\u00f3n de la salud humana y asistencia social, servicios profesionales de consultor\u00eda y cient\u00edficos en los que predomine el factor intelectual sobre el material, incluidos los servicios de profesiones liberales.<\/p>\n\n\n\n<p>As\u00ed bien, la DIAN aclar\u00f3, entre otras cosas, lo siguiente:<\/p>\n\n\n\n<ol class=\"wp-block-list\">\n<li>Las personas que presten servicios profesionales de consultor\u00eda y cient\u00edficos en los que predomine el factor intelectual sobre el material, incluidos servicios de profesiones liberales, que en el a\u00f1o gravable 2022 hayan obtenido ingresos superiores a 12.000 UVT, pero inferiores a 100.000 unidades de valor tributario (UVT) &#8211; cumpliendo con los dem\u00e1s requisitos para el efecto-, pueden ser sujetos pasivos del SIMPLE para el a\u00f1o gravable 2023.<\/li>\n\n\n\n<li>Una persona que preste servicios profesionales de consultor\u00eda y cient\u00edficos en los que predomine el factor intelectual sobre el material, incluidos servicios de profesiones liberales, que percibi\u00f3 ingresos inferiores a 12.000 UVT, NO puede ser sujeto pasivo de este r\u00e9gimen. Simplemente deber\u00e1 presentar la declaraci\u00f3n consolidada en el a\u00f1o 2024 para el a\u00f1o gravable 2023.<\/li>\n<\/ol>\n\n\n\n<p>Para m\u00e1s informaci\u00f3n, consulte el documento adjunto.<\/p>\n\n\n\n<p>Ver: <a href=\"https:\/\/incp.org.co\/agendatributariaincp\/wp-content\/uploads\/2024\/03\/Oficio-No.-100208192-154-del-5-de-marzo-de-2024-DIAN.pdf\">Oficio No. 100208192-154 de 2024 &#8211; DIAN<\/a><\/p>\n\n\n\n<p><strong>Redacci\u00f3n INCP<\/strong><\/p>\n","protected":false},"excerpt":{"rendered":"<p>La Direcci\u00f3n de Impuestos y Aduanas Nacionales (DIAN) public\u00f3 el Oficio No. 100208192-154 del 5 de marzo de 2024, con el cual realiz\u00f3 una cuarta adici\u00f3n a su Concepto General sobre el r\u00e9gimen simple de tributaci\u00f3n (SIMPLE) con motivo de la Ley 2277 de 2022 (reforma tributaria). En esta ocasi\u00f3n, la DIAN absolvi\u00f3 consultas relacionadas&hellip; <br \/> <a class=\"read-more\" href=\"https:\/\/incp.org.co\/agendatributariaincp\/noticias\/2024\/03\/la-dian-realizo-una-cuarta-adicion-a-su-concepto-general-sobre-el-simple\/\">Read more<\/a><\/p>\n","protected":false},"author":24468,"featured_media":1901,"comment_status":"open","ping_status":"open","sticky":false,"template":"","format":"standard","meta":{"footnotes":""},"categories":[13],"tags":[],"class_list":["post-1902","post","type-post","status-publish","format-standard","has-post-thumbnail","hentry","category-noticias"],"_links":{"self":[{"href":"https:\/\/incp.org.co\/agendatributariaincp\/wp-json\/wp\/v2\/posts\/1902","targetHints":{"allow":["GET"]}}],"collection":[{"href":"https:\/\/incp.org.co\/agendatributariaincp\/wp-json\/wp\/v2\/posts"}],"about":[{"href":"https:\/\/incp.org.co\/agendatributariaincp\/wp-json\/wp\/v2\/types\/post"}],"author":[{"embeddable":true,"href":"https:\/\/incp.org.co\/agendatributariaincp\/wp-json\/wp\/v2\/users\/24468"}],"replies":[{"embeddable":true,"href":"https:\/\/incp.org.co\/agendatributariaincp\/wp-json\/wp\/v2\/comments?post=1902"}],"version-history":[{"count":1,"href":"https:\/\/incp.org.co\/agendatributariaincp\/wp-json\/wp\/v2\/posts\/1902\/revisions"}],"predecessor-version":[{"id":1904,"href":"https:\/\/incp.org.co\/agendatributariaincp\/wp-json\/wp\/v2\/posts\/1902\/revisions\/1904"}],"wp:featuredmedia":[{"embeddable":true,"href":"https:\/\/incp.org.co\/agendatributariaincp\/wp-json\/wp\/v2\/media\/1901"}],"wp:attachment":[{"href":"https:\/\/incp.org.co\/agendatributariaincp\/wp-json\/wp\/v2\/media?parent=1902"}],"wp:term":[{"taxonomy":"category","embeddable":true,"href":"https:\/\/incp.org.co\/agendatributariaincp\/wp-json\/wp\/v2\/categories?post=1902"},{"taxonomy":"post_tag","embeddable":true,"href":"https:\/\/incp.org.co\/agendatributariaincp\/wp-json\/wp\/v2\/tags?post=1902"}],"curies":[{"name":"wp","href":"https:\/\/api.w.org\/{rel}","templated":true}]}}