{"id":1915,"date":"2024-03-13T10:20:08","date_gmt":"2024-03-13T15:20:08","guid":{"rendered":"https:\/\/incp.org.co\/agendatributariaincp\/?p=1915"},"modified":"2024-03-13T10:20:11","modified_gmt":"2024-03-13T15:20:11","slug":"dependientes-con-patrimonio-aplican-para-las-deducciones-de-renta-de-personas-naturales","status":"publish","type":"post","link":"https:\/\/incp.org.co\/agendatributariaincp\/noticias\/2024\/03\/dependientes-con-patrimonio-aplican-para-las-deducciones-de-renta-de-personas-naturales\/","title":{"rendered":"Dependientes con patrimonio aplican para las deducciones de renta de personas naturales"},"content":{"rendered":"\n<p>La Direcci\u00f3n de Impuestos y Aduanas Nacionales (DIAN) public\u00f3 su Concepto No. 152 del 5 de marzo de 2024, con el cual realiz\u00f3 una quinta adici\u00f3n al Concepto General sobre el impuesto de renta a cargo de las personas naturales con motivo de la Ley 2277 de 2022. En esta ocasi\u00f3n, la DIAN absolvi\u00f3 las siguientes consultas relacionadas con la deducci\u00f3n por dependientes y la retenci\u00f3n en la fuente a rentas de trabajo diferentes a las provenientes de una relaci\u00f3n laboral:<\/p>\n\n\n<p style=\"padding-left: 5%;\"><strong>\u00bfLa deducci\u00f3n por dependientes que contempla el inciso 2 del numeral 3 del art\u00edculo 336 del Estatuto Tributario (E.T.) aplica en los casos que estos posean patrimonio?<\/strong><\/p>\n\n\n<p>De acuerdo con la DIAN, para efectos de establecer la procedencia de la deducci\u00f3n por dependientes contemplada en el inciso 2 del numeral 3 del art\u00edculo 366 del Estatuto Tributario (E.T.), es necesario remitirse a la definici\u00f3n de dependientes econ\u00f3micos que contempla el art\u00edculo 387 del E.T. y a los requisitos que determinan la dependencia econ\u00f3mica en cada una de las categor\u00edas all\u00ed se\u00f1aladas. As\u00ed bien, criterios diferentes a los all\u00ed se\u00f1alados, como la posesi\u00f3n de patrimonio por parte de los dependientes econ\u00f3micos, no son determinantes para efectos de establecer la procedencia -o no- de la deducci\u00f3n contemplada en el inciso 2 del numeral 3 del art\u00edculo 366 del E.T..<\/p>\n\n\n<p style=\"padding-left: 5%;\"><strong>\u00bfCu\u00e1l es la retenci\u00f3n en la fuente aplicable a las personas naturales que perciban rentas de trabajo diferentes a las provenientes de una relaci\u00f3n laboral o legal y reglamentaria?<\/strong><\/p>\n\n\n<p>La DIAN record\u00f3 que el par\u00e1grafo 4 del art\u00edculo 1.2.4.1.17. del Decreto 1625 de 2016 se\u00f1ala que las personas naturales que perciban rentas de trabajo diferentes a las provenientes de una relaci\u00f3n laboral o legal y reglamentaria que no soliciten al agente retenedor la aplicaci\u00f3n de costos y deducciones de conformidad con lo previsto en el numeral 6 del art\u00edculo 1.2.4.1.6. de dicho decreto, se rigen por las siguientes retenciones en la fuente se\u00f1aladas en el art\u00edculo 383 del E.T.:<\/p>\n\n\n\n<figure class=\"wp-block-table\"><table><tbody><tr><td colspan=\"2\"><strong>Rango en UVT*<\/strong><\/td><td rowspan=\"2\"><strong>Tarifa marginal<\/strong><\/td><td rowspan=\"2\"><strong>Retenci\u00f3n en la fuente<\/strong><\/td><\/tr><tr><td><strong>Desde<\/strong><\/td><td><strong>Hasta<\/strong><\/td><\/tr><tr><td>&gt;0<\/td><td>95<\/td><td>0&nbsp;%<\/td><td>&nbsp;<\/td><\/tr><tr><td>&gt;95<\/td><td>150<\/td><td>19&nbsp;%<\/td><td>(Ingreso laboral gravado expresado en UVT menos 95 UVT) *19&nbsp;%<\/td><\/tr><tr><td>&gt;150<\/td><td>360<\/td><td>28&nbsp;%<\/td><td>(Ingreso laboral gravado expresado en UVT menos 150 UVT) *28&nbsp;% + 10 UVT<\/td><\/tr><tr><td>&gt;360<\/td><td>640<\/td><td>33&nbsp;%<\/td><td>(Ingreso laboral gravado expresado en UVT menos 360 UVT) *33&nbsp;% + 69 UVT<\/td><\/tr><tr><td>&gt;640<\/td><td>945<\/td><td>35&nbsp;%<\/td><td>(Ingreso laboral gravado expresado en UVT menos 640 UVT) *35&nbsp;% + 162 UVT<\/td><\/tr><tr><td>&gt;945<\/td><td>2300<\/td><td>37&nbsp;%<\/td><td>(Ingreso laboral gravado expresado en UVT menos 945 UVT) *37&nbsp;% + 268 UVT<\/td><\/tr><tr><td>&gt;2300<\/td><td>En adelante<\/td><td>39&nbsp;d%<\/td><td>(Ingreso laboral gravado expresado en UVT menos 2300 UVT) *39&nbsp;% + 770 UVT<\/td><\/tr><\/tbody><\/table><figcaption class=\"wp-element-caption\">*UVT: unidades de valor tributario<\/figcaption><\/figure>\n\n\n\n<p>Para m\u00e1s informaci\u00f3n, consulte el documento adjunto.<\/p>\n\n\n\n<p>Ver: <a href=\"https:\/\/incp.org.co\/agendatributariaincp\/wp-content\/uploads\/2024\/03\/Concepto-No.-152-del-5-de-marzo-de-2024-DIAN.pdf\">Concepto No. 152 de 2024 &#8211; DIAN<\/a><\/p>\n\n\n\n<p><strong>Redacci\u00f3n INCP<\/strong><\/p>\n","protected":false},"excerpt":{"rendered":"<p>La Direcci\u00f3n de Impuestos y Aduanas Nacionales (DIAN) public\u00f3 su Concepto No. 152 del 5 de marzo de 2024, con el cual realiz\u00f3 una quinta adici\u00f3n al Concepto General sobre el impuesto de renta a cargo de las personas naturales con motivo de la Ley 2277 de 2022. En esta ocasi\u00f3n, la DIAN absolvi\u00f3 las&hellip; <br \/> <a class=\"read-more\" href=\"https:\/\/incp.org.co\/agendatributariaincp\/noticias\/2024\/03\/dependientes-con-patrimonio-aplican-para-las-deducciones-de-renta-de-personas-naturales\/\">Read more<\/a><\/p>\n","protected":false},"author":24468,"featured_media":1917,"comment_status":"open","ping_status":"open","sticky":false,"template":"","format":"standard","meta":{"footnotes":""},"categories":[13],"tags":[],"class_list":["post-1915","post","type-post","status-publish","format-standard","has-post-thumbnail","hentry","category-noticias"],"_links":{"self":[{"href":"https:\/\/incp.org.co\/agendatributariaincp\/wp-json\/wp\/v2\/posts\/1915","targetHints":{"allow":["GET"]}}],"collection":[{"href":"https:\/\/incp.org.co\/agendatributariaincp\/wp-json\/wp\/v2\/posts"}],"about":[{"href":"https:\/\/incp.org.co\/agendatributariaincp\/wp-json\/wp\/v2\/types\/post"}],"author":[{"embeddable":true,"href":"https:\/\/incp.org.co\/agendatributariaincp\/wp-json\/wp\/v2\/users\/24468"}],"replies":[{"embeddable":true,"href":"https:\/\/incp.org.co\/agendatributariaincp\/wp-json\/wp\/v2\/comments?post=1915"}],"version-history":[{"count":1,"href":"https:\/\/incp.org.co\/agendatributariaincp\/wp-json\/wp\/v2\/posts\/1915\/revisions"}],"predecessor-version":[{"id":1918,"href":"https:\/\/incp.org.co\/agendatributariaincp\/wp-json\/wp\/v2\/posts\/1915\/revisions\/1918"}],"wp:featuredmedia":[{"embeddable":true,"href":"https:\/\/incp.org.co\/agendatributariaincp\/wp-json\/wp\/v2\/media\/1917"}],"wp:attachment":[{"href":"https:\/\/incp.org.co\/agendatributariaincp\/wp-json\/wp\/v2\/media?parent=1915"}],"wp:term":[{"taxonomy":"category","embeddable":true,"href":"https:\/\/incp.org.co\/agendatributariaincp\/wp-json\/wp\/v2\/categories?post=1915"},{"taxonomy":"post_tag","embeddable":true,"href":"https:\/\/incp.org.co\/agendatributariaincp\/wp-json\/wp\/v2\/tags?post=1915"}],"curies":[{"name":"wp","href":"https:\/\/api.w.org\/{rel}","templated":true}]}}