{"id":1931,"date":"2024-03-15T14:08:58","date_gmt":"2024-03-15T19:08:58","guid":{"rendered":"https:\/\/incp.org.co\/agendatributariaincp\/?p=1931"},"modified":"2024-03-15T14:08:58","modified_gmt":"2024-03-15T19:08:58","slug":"quienes-estan-obligados-a-expedir-factura-en-las-operaciones-de-comercio-electronico","status":"publish","type":"post","link":"https:\/\/incp.org.co\/agendatributariaincp\/noticias\/2024\/03\/quienes-estan-obligados-a-expedir-factura-en-las-operaciones-de-comercio-electronico\/","title":{"rendered":"\u00bfQui\u00e9nes est\u00e1n obligados a expedir factura en las operaciones de comercio electr\u00f3nico?"},"content":{"rendered":"\n<p>La Direcci\u00f3n de Impuestos y Aduanas Nacionales (DIAN) public\u00f3 el Concepto No. 151 del 5 de marzo de 2024, con el cual realiz\u00f3 una adici\u00f3n a su Concepto Unificado No. 0106 de 2022 \u2013 <em>Obligaci\u00f3n de facturar y sistema de factura electr\u00f3nica<\/em>.<\/p>\n\n\n\n<p>En esta ocasi\u00f3n la DIAN se pronunci\u00f3 sobre el sujeto obligado a expedir factura en las operaciones de comercio electr\u00f3nico y sobre las deducciones en facturas de servicios p\u00fablicos domiciliarios.<\/p>\n\n\n<p style=\"padding-left: 5%;\"><strong>\u00bfCu\u00e1l es el sujeto obligado a expedir la factura de venta al adquirente en las operaciones de ventas multicanal que se realizan en el comercio electr\u00f3nico?<\/strong><\/p>\n\n\n<p>Ante esto, la DIAN asever\u00f3 que, dada la pluralidad de sujetos que act\u00faan en estas operaciones, ser\u00e1 necesario -seg\u00fan el modelo de negocio implementado- identificar qui\u00e9n realiza como tal la venta, pues ser\u00e1 este el obligado de expedir la factura por la correspondiente operaci\u00f3n. Lo anterior, sin perjuicio de la obligaci\u00f3n que recae en cabeza de las plataformas de comercio electr\u00f3nico de poner a disposici\u00f3n un servicio que permita la expedici\u00f3n y entrega de la factura electr\u00f3nica de venta por parte de sus usuarios al consumidor final.<\/p>\n\n\n<p style=\"padding-left: 5%;\"><strong>Procedencia de costos, deducciones e impuestos descontables relacionados con servicios p\u00fablicos domiciliarios<\/strong><\/p>\n\n\n<p>Sobre este tema, la administraci\u00f3n tributaria aclar\u00f3 que para la procedencia de costos, deducciones e impuestos descontables no se requiere que en la factura de venta o documento expedido para los servicios p\u00fablicos domiciliarios figure el nombre del propietario, arrendatario o quien haya realizado el correspondiente pago del servicio p\u00fablico. Para tal efecto bastar\u00e1 que el pago cumpla con las condiciones y requisitos que contempla el Estatuto Tributario (E.T.).<\/p>\n\n\n\n<p>Para m\u00e1s informaci\u00f3n, consulte el documento adjunto.<\/p>\n\n\n\n<p>Ver: <a href=\"https:\/\/incp.org.co\/agendatributariaincp\/wp-content\/uploads\/2024\/03\/Concepto-No.-151-del-5-de-marzo-de-2024-DIAN.pdf\">Concepto No. 151 del 5 de marzo de 2024 &#8211; DIAN<\/a><\/p>\n\n\n\n<p><strong>Redacci\u00f3n INCP<\/strong><\/p>\n","protected":false},"excerpt":{"rendered":"<p>La Direcci\u00f3n de Impuestos y Aduanas Nacionales (DIAN) public\u00f3 el Concepto No. 151 del 5 de marzo de 2024, con el cual realiz\u00f3 una adici\u00f3n a su Concepto Unificado No. 0106 de 2022 \u2013 Obligaci\u00f3n de facturar y sistema de factura electr\u00f3nica. En esta ocasi\u00f3n la DIAN se pronunci\u00f3 sobre el sujeto obligado a expedir&hellip; <br \/> <a class=\"read-more\" href=\"https:\/\/incp.org.co\/agendatributariaincp\/noticias\/2024\/03\/quienes-estan-obligados-a-expedir-factura-en-las-operaciones-de-comercio-electronico\/\">Read more<\/a><\/p>\n","protected":false},"author":24468,"featured_media":1926,"comment_status":"open","ping_status":"open","sticky":false,"template":"","format":"standard","meta":{"footnotes":""},"categories":[13],"tags":[],"class_list":["post-1931","post","type-post","status-publish","format-standard","has-post-thumbnail","hentry","category-noticias"],"_links":{"self":[{"href":"https:\/\/incp.org.co\/agendatributariaincp\/wp-json\/wp\/v2\/posts\/1931","targetHints":{"allow":["GET"]}}],"collection":[{"href":"https:\/\/incp.org.co\/agendatributariaincp\/wp-json\/wp\/v2\/posts"}],"about":[{"href":"https:\/\/incp.org.co\/agendatributariaincp\/wp-json\/wp\/v2\/types\/post"}],"author":[{"embeddable":true,"href":"https:\/\/incp.org.co\/agendatributariaincp\/wp-json\/wp\/v2\/users\/24468"}],"replies":[{"embeddable":true,"href":"https:\/\/incp.org.co\/agendatributariaincp\/wp-json\/wp\/v2\/comments?post=1931"}],"version-history":[{"count":1,"href":"https:\/\/incp.org.co\/agendatributariaincp\/wp-json\/wp\/v2\/posts\/1931\/revisions"}],"predecessor-version":[{"id":1932,"href":"https:\/\/incp.org.co\/agendatributariaincp\/wp-json\/wp\/v2\/posts\/1931\/revisions\/1932"}],"wp:featuredmedia":[{"embeddable":true,"href":"https:\/\/incp.org.co\/agendatributariaincp\/wp-json\/wp\/v2\/media\/1926"}],"wp:attachment":[{"href":"https:\/\/incp.org.co\/agendatributariaincp\/wp-json\/wp\/v2\/media?parent=1931"}],"wp:term":[{"taxonomy":"category","embeddable":true,"href":"https:\/\/incp.org.co\/agendatributariaincp\/wp-json\/wp\/v2\/categories?post=1931"},{"taxonomy":"post_tag","embeddable":true,"href":"https:\/\/incp.org.co\/agendatributariaincp\/wp-json\/wp\/v2\/tags?post=1931"}],"curies":[{"name":"wp","href":"https:\/\/api.w.org\/{rel}","templated":true}]}}