{"id":1945,"date":"2024-03-21T08:13:40","date_gmt":"2024-03-21T13:13:40","guid":{"rendered":"https:\/\/incp.org.co\/agendatributariaincp\/?p=1945"},"modified":"2024-03-21T08:13:41","modified_gmt":"2024-03-21T13:13:41","slug":"disponible-el-formulario-para-la-declaracion-de-renta-de-personas-naturales","status":"publish","type":"post","link":"https:\/\/incp.org.co\/agendatributariaincp\/noticias\/2024\/03\/disponible-el-formulario-para-la-declaracion-de-renta-de-personas-naturales\/","title":{"rendered":"Disponible el formulario para la declaraci\u00f3n de renta de personas naturales"},"content":{"rendered":"\n<p>La Direcci\u00f3n de Impuestos y Aduanas Nacionales (DIAN) expidi\u00f3 la Resoluci\u00f3n No. 000044 del 14 de marzo de 2024*, por medio de la cual prescribi\u00f3 el Formulario No. 210 \u2013 <em>Declaraci\u00f3n de renta complementario personas naturales y asimiladas residentes y sucesiones il\u00edquidas de causantes residentes<\/em> para dar cumplimiento a las obligaciones tributarias por el a\u00f1o gravable 2023 y siguientes.<\/p>\n\n\n\n<p>Entre las novedades de este nuevo formulario se encuentra la creaci\u00f3n de las casillas:<\/p>\n\n\n\n<ul class=\"wp-block-list\">\n<li>28 \u2013 <em>1&nbsp;% de compras con factura electr\u00f3nica<\/em><\/li>\n\n\n\n<li>111 &#8211; <em>Renta l\u00edquida gravable &#8211; c\u00e9dula general o renta presuntiva, de pensiones y de dividendos y participaciones art. 241 Estatuto tributario (E.T.)<\/em><\/li>\n\n\n\n<li>118 &#8211; <em>Por dividendos y participaciones a\u00f1o 2017 y siguientes, segunda subc\u00e9dula (Art 240 E.T)<\/em>.<\/li>\n\n\n\n<li>138 &#8211; <em>N\u00famero de dependientes econ\u00f3micos<\/em><\/li>\n\n\n\n<li>139 &#8211; <em>Adici\u00f3n por dependientes a la casilla 92<\/em><\/li>\n<\/ul>\n\n\n\n<p>Las creaciones de las anteriores casillas tuvieron origen en las disposiciones de la reforma tributaria (Ley 2295 de 2022) que rigen a partir del a\u00f1o gravable 2023 relacionadas principalmente con deducciones en el impuesto sobre la renta: deducci\u00f3n de 72 unidades de valor tributario (UVT) por dependiente hasta un m\u00e1ximo de cuatro dependientes, y para la c\u00e9dula general, una deducci\u00f3n correspondiente al 1&nbsp;% del valor de las compras con factura electr\u00f3nica, sin que exceda 240 UVT en el respectivo a\u00f1o gravable.<\/p>\n\n\n\n<p>Este formulario ya se encuentra disponible en la p\u00e1gina web de la DIAN para su diligenciamiento y presentaci\u00f3n electr\u00f3nica.<\/p>\n\n\n\n<p>Para m\u00e1s informaci\u00f3n, consulte el documento adjunto.<\/p>\n\n\n\n<p>Ver: <a href=\"https:\/\/incp.org.co\/agendatributariaincp\/wp-content\/uploads\/2024\/03\/Resolucion-No.-000044-del-14-de-marzo-de-2024-\u2013-DIAN.pdf\">Resoluci\u00f3n No. 000044 de 2024 \u2013 DIAN<\/a><\/p>\n\n\n\n<p><em>*Por la cual se prescribe el Formulario No. 210 \u201cDeclaraci\u00f3n de renta complementario personas naturales y asimiladas residentes y sucesiones il\u00edquidas de causantes residentes\u201d para dar cumplimiento a las obligaciones tributarias por el a\u00f1o gravable 2023 y siguientes.<\/em><\/p>\n\n\n\n<p><strong>Redacci\u00f3n INCP<\/strong><\/p>\n","protected":false},"excerpt":{"rendered":"<p>La Direcci\u00f3n de Impuestos y Aduanas Nacionales (DIAN) expidi\u00f3 la Resoluci\u00f3n No. 000044 del 14 de marzo de 2024*, por medio de la cual prescribi\u00f3 el Formulario No. 210 \u2013 Declaraci\u00f3n de renta complementario personas naturales y asimiladas residentes y sucesiones il\u00edquidas de causantes residentes para dar cumplimiento a las obligaciones tributarias por el a\u00f1o&hellip; <br \/> <a class=\"read-more\" href=\"https:\/\/incp.org.co\/agendatributariaincp\/noticias\/2024\/03\/disponible-el-formulario-para-la-declaracion-de-renta-de-personas-naturales\/\">Read more<\/a><\/p>\n","protected":false},"author":24468,"featured_media":1941,"comment_status":"open","ping_status":"open","sticky":false,"template":"","format":"standard","meta":{"footnotes":""},"categories":[13],"tags":[],"class_list":["post-1945","post","type-post","status-publish","format-standard","has-post-thumbnail","hentry","category-noticias"],"_links":{"self":[{"href":"https:\/\/incp.org.co\/agendatributariaincp\/wp-json\/wp\/v2\/posts\/1945","targetHints":{"allow":["GET"]}}],"collection":[{"href":"https:\/\/incp.org.co\/agendatributariaincp\/wp-json\/wp\/v2\/posts"}],"about":[{"href":"https:\/\/incp.org.co\/agendatributariaincp\/wp-json\/wp\/v2\/types\/post"}],"author":[{"embeddable":true,"href":"https:\/\/incp.org.co\/agendatributariaincp\/wp-json\/wp\/v2\/users\/24468"}],"replies":[{"embeddable":true,"href":"https:\/\/incp.org.co\/agendatributariaincp\/wp-json\/wp\/v2\/comments?post=1945"}],"version-history":[{"count":1,"href":"https:\/\/incp.org.co\/agendatributariaincp\/wp-json\/wp\/v2\/posts\/1945\/revisions"}],"predecessor-version":[{"id":1946,"href":"https:\/\/incp.org.co\/agendatributariaincp\/wp-json\/wp\/v2\/posts\/1945\/revisions\/1946"}],"wp:featuredmedia":[{"embeddable":true,"href":"https:\/\/incp.org.co\/agendatributariaincp\/wp-json\/wp\/v2\/media\/1941"}],"wp:attachment":[{"href":"https:\/\/incp.org.co\/agendatributariaincp\/wp-json\/wp\/v2\/media?parent=1945"}],"wp:term":[{"taxonomy":"category","embeddable":true,"href":"https:\/\/incp.org.co\/agendatributariaincp\/wp-json\/wp\/v2\/categories?post=1945"},{"taxonomy":"post_tag","embeddable":true,"href":"https:\/\/incp.org.co\/agendatributariaincp\/wp-json\/wp\/v2\/tags?post=1945"}],"curies":[{"name":"wp","href":"https:\/\/api.w.org\/{rel}","templated":true}]}}