{"id":1951,"date":"2024-03-21T10:26:41","date_gmt":"2024-03-21T15:26:41","guid":{"rendered":"https:\/\/incp.org.co\/agendatributariaincp\/?p=1951"},"modified":"2024-03-21T10:26:47","modified_gmt":"2024-03-21T15:26:47","slug":"este-seria-el-formulario-para-la-declaracion-anual-consolidada-del-simple","status":"publish","type":"post","link":"https:\/\/incp.org.co\/agendatributariaincp\/noticias\/2024\/03\/este-seria-el-formulario-para-la-declaracion-anual-consolidada-del-simple\/","title":{"rendered":"Este ser\u00eda el formulario para la declaraci\u00f3n anual consolidada del SIMPLE"},"content":{"rendered":"\n<p>La Direcci\u00f3n de Impuestos y Aduanas Nacionales (DIAN) public\u00f3 un proyecto de resoluci\u00f3n*, por medio del cual busca prescribir el Formulario No. 260 \u2013 <em>Declaraci\u00f3n anual consolidada<\/em> para la presentaci\u00f3n de la declaraci\u00f3n del impuesto unificado bajo el r\u00e9gimen simple de tributaci\u00f3n (SIMPLE) por el a\u00f1o gravable 2023.<\/p>\n\n\n\n<p>Los contribuyentes obligados a presentar la declaraci\u00f3n anual consolidada del SIMPLE deber\u00e1n hacerlo a trav\u00e9s de los servicios inform\u00e1ticos que ofrece la DIAN.<\/p>\n\n\n\n<p>Recordemos que los vencimientos para la presentaci\u00f3n y el pago de la esta declaraci\u00f3n anual van desde el 15 hasta el 19 de abril de 2024, de acuerdo con el ultimo d\u00edgito del N\u00famero de Identificaci\u00f3n Tributaria (NIT).<\/p>\n\n\n\n<p>Usted puede enviar sus comentarios a este proyecto de resoluci\u00f3n hasta el 25 de marzo de 2024 al correo electr\u00f3nico <a href=\"mailto:comentarios_formularios_oficiales@dian.gov.co\">comentarios_formularios_oficiales@dian.gov.co<\/a>.<\/p>\n\n\n\n<p>Para m\u00e1s informaci\u00f3n, consulte el documento adjunto.<\/p>\n\n\n\n<p>Ver: <a href=\"https:\/\/incp.org.co\/agendatributariaincp\/wp-content\/uploads\/2024\/03\/Proyecto-de-resolucion-RST-DIAN.pdf\">Proyecto de resoluci\u00f3n RST &#8211; DIAN<\/a><\/p>\n\n\n\n<p><em>*Por la cual se prescribe el Formulario No. 260 \u201cDeclaraci\u00f3n anual consolidada\u201d para el a\u00f1o gravable 2023.<\/em><\/p>\n\n\n\n<p><strong>Redacci\u00f3n INCP<\/strong><\/p>\n","protected":false},"excerpt":{"rendered":"<p>La Direcci\u00f3n de Impuestos y Aduanas Nacionales (DIAN) public\u00f3 un proyecto de resoluci\u00f3n*, por medio del cual busca prescribir el Formulario No. 260 \u2013 Declaraci\u00f3n anual consolidada para la presentaci\u00f3n de la declaraci\u00f3n del impuesto unificado bajo el r\u00e9gimen simple de tributaci\u00f3n (SIMPLE) por el a\u00f1o gravable 2023. Los contribuyentes obligados a presentar la declaraci\u00f3n&hellip; <br \/> <a class=\"read-more\" href=\"https:\/\/incp.org.co\/agendatributariaincp\/noticias\/2024\/03\/este-seria-el-formulario-para-la-declaracion-anual-consolidada-del-simple\/\">Read more<\/a><\/p>\n","protected":false},"author":24468,"featured_media":1949,"comment_status":"open","ping_status":"open","sticky":false,"template":"","format":"standard","meta":{"footnotes":""},"categories":[13],"tags":[],"class_list":["post-1951","post","type-post","status-publish","format-standard","has-post-thumbnail","hentry","category-noticias"],"_links":{"self":[{"href":"https:\/\/incp.org.co\/agendatributariaincp\/wp-json\/wp\/v2\/posts\/1951","targetHints":{"allow":["GET"]}}],"collection":[{"href":"https:\/\/incp.org.co\/agendatributariaincp\/wp-json\/wp\/v2\/posts"}],"about":[{"href":"https:\/\/incp.org.co\/agendatributariaincp\/wp-json\/wp\/v2\/types\/post"}],"author":[{"embeddable":true,"href":"https:\/\/incp.org.co\/agendatributariaincp\/wp-json\/wp\/v2\/users\/24468"}],"replies":[{"embeddable":true,"href":"https:\/\/incp.org.co\/agendatributariaincp\/wp-json\/wp\/v2\/comments?post=1951"}],"version-history":[{"count":1,"href":"https:\/\/incp.org.co\/agendatributariaincp\/wp-json\/wp\/v2\/posts\/1951\/revisions"}],"predecessor-version":[{"id":1952,"href":"https:\/\/incp.org.co\/agendatributariaincp\/wp-json\/wp\/v2\/posts\/1951\/revisions\/1952"}],"wp:featuredmedia":[{"embeddable":true,"href":"https:\/\/incp.org.co\/agendatributariaincp\/wp-json\/wp\/v2\/media\/1949"}],"wp:attachment":[{"href":"https:\/\/incp.org.co\/agendatributariaincp\/wp-json\/wp\/v2\/media?parent=1951"}],"wp:term":[{"taxonomy":"category","embeddable":true,"href":"https:\/\/incp.org.co\/agendatributariaincp\/wp-json\/wp\/v2\/categories?post=1951"},{"taxonomy":"post_tag","embeddable":true,"href":"https:\/\/incp.org.co\/agendatributariaincp\/wp-json\/wp\/v2\/tags?post=1951"}],"curies":[{"name":"wp","href":"https:\/\/api.w.org\/{rel}","templated":true}]}}