{"id":2164,"date":"2024-06-18T15:11:23","date_gmt":"2024-06-18T20:11:23","guid":{"rendered":"https:\/\/incp.org.co\/agendatributariaincp\/?p=2164"},"modified":"2024-06-18T15:11:24","modified_gmt":"2024-06-18T20:11:24","slug":"se-declarara-inexequible-la-tasa-minima-de-tributacion","status":"publish","type":"post","link":"https:\/\/incp.org.co\/agendatributariaincp\/noticias\/2024\/06\/se-declarara-inexequible-la-tasa-minima-de-tributacion\/","title":{"rendered":"\u00bfSe declarar\u00e1 inexequible la tasa m\u00ednima de tributaci\u00f3n?"},"content":{"rendered":"\n<p>La Procuradur\u00eda General de la Naci\u00f3n emiti\u00f3 un comunicado por medio del cual solicit\u00f3 a la Corte Constitucional declarar la inexequibilidad de la tasa m\u00ednima de tributaci\u00f3n.<\/p>\n\n\n\n<p>Recordemos que <a href=\"https:\/\/incp.org.co\/publicaciones\/infoincp-publicaciones\/impuestos\/nacionales\/2024\/03\/corte-constitucional-admite-demanda-en-contra-de-la-tasa-minima-de-tributacion\/\">la Corte Constitucional admiti\u00f3 una demanda<\/a> en contra del par\u00e1grafo 2 del art\u00edculo 240 del Estatuto Tributario, modificado por el art\u00edculo 10 de la Ley 2277 de 2022, el cual estableci\u00f3 la tasa m\u00ednima de tributaci\u00f3n en Colombia. En esta demanda se alude a la presunta vulneraci\u00f3n de los art\u00edculos 13, 83, 95.9, 338 y 363 de la Constituci\u00f3n Pol\u00edtica. A juicio de los demandantes, esta disposici\u00f3n desconoce los principios de igualdad, equidad, certeza y justicia tributaria, capacidad contributiva y confianza leg\u00edtima.<\/p>\n\n\n\n<p>Al respecto, la Procuradur\u00eda afirm\u00f3 compartir la posici\u00f3n de los demandantes debido a que se \u201ccalcula un impuesto m\u00ednimo para las sociedades nacionales incluyendo ingresos contables estimados o potenciales, que no reflejan un verdadero enriquecimiento del contribuyente. De esta forma, la norma demandada desconoce que, si no hay incremento patrimonial o enriquecimiento que revele una capacidad contributiva correlativa, no puede haber impuesto alguno\u201d.<\/p>\n\n\n\n<p>Para m\u00e1s informaci\u00f3n, consulte el documento adjunto.<\/p>\n\n\n\n<p>Ver: <a href=\"https:\/\/incp.org.co\/agendatributariaincp\/wp-content\/uploads\/2024\/06\/Carta-Solicitud-de-inexequibilidad-\u2013-Procuraduria.pdf\">Solicitud de inexequibilidad \u2013 Procuradur\u00eda<\/a><\/p>\n\n\n\n<p><strong>Redacci\u00f3n INCP<\/strong><\/p>\n","protected":false},"excerpt":{"rendered":"<p>La Procuradur\u00eda General de la Naci\u00f3n emiti\u00f3 un comunicado por medio del cual solicit\u00f3 a la Corte Constitucional declarar la inexequibilidad de la tasa m\u00ednima de tributaci\u00f3n. Recordemos que la Corte Constitucional admiti\u00f3 una demanda en contra del par\u00e1grafo 2 del art\u00edculo 240 del Estatuto Tributario, modificado por el art\u00edculo 10 de la Ley 2277&hellip; <br \/> <a class=\"read-more\" href=\"https:\/\/incp.org.co\/agendatributariaincp\/noticias\/2024\/06\/se-declarara-inexequible-la-tasa-minima-de-tributacion\/\">Read more<\/a><\/p>\n","protected":false},"author":24468,"featured_media":2161,"comment_status":"open","ping_status":"open","sticky":false,"template":"","format":"standard","meta":{"footnotes":""},"categories":[13],"tags":[],"class_list":["post-2164","post","type-post","status-publish","format-standard","has-post-thumbnail","hentry","category-noticias"],"_links":{"self":[{"href":"https:\/\/incp.org.co\/agendatributariaincp\/wp-json\/wp\/v2\/posts\/2164","targetHints":{"allow":["GET"]}}],"collection":[{"href":"https:\/\/incp.org.co\/agendatributariaincp\/wp-json\/wp\/v2\/posts"}],"about":[{"href":"https:\/\/incp.org.co\/agendatributariaincp\/wp-json\/wp\/v2\/types\/post"}],"author":[{"embeddable":true,"href":"https:\/\/incp.org.co\/agendatributariaincp\/wp-json\/wp\/v2\/users\/24468"}],"replies":[{"embeddable":true,"href":"https:\/\/incp.org.co\/agendatributariaincp\/wp-json\/wp\/v2\/comments?post=2164"}],"version-history":[{"count":1,"href":"https:\/\/incp.org.co\/agendatributariaincp\/wp-json\/wp\/v2\/posts\/2164\/revisions"}],"predecessor-version":[{"id":2165,"href":"https:\/\/incp.org.co\/agendatributariaincp\/wp-json\/wp\/v2\/posts\/2164\/revisions\/2165"}],"wp:featuredmedia":[{"embeddable":true,"href":"https:\/\/incp.org.co\/agendatributariaincp\/wp-json\/wp\/v2\/media\/2161"}],"wp:attachment":[{"href":"https:\/\/incp.org.co\/agendatributariaincp\/wp-json\/wp\/v2\/media?parent=2164"}],"wp:term":[{"taxonomy":"category","embeddable":true,"href":"https:\/\/incp.org.co\/agendatributariaincp\/wp-json\/wp\/v2\/categories?post=2164"},{"taxonomy":"post_tag","embeddable":true,"href":"https:\/\/incp.org.co\/agendatributariaincp\/wp-json\/wp\/v2\/tags?post=2164"}],"curies":[{"name":"wp","href":"https:\/\/api.w.org\/{rel}","templated":true}]}}