{"id":2203,"date":"2024-07-03T11:26:10","date_gmt":"2024-07-03T16:26:10","guid":{"rendered":"https:\/\/incp.org.co\/agendatributariaincp\/?p=2203"},"modified":"2024-07-03T11:26:12","modified_gmt":"2024-07-03T16:26:12","slug":"anticipos-del-simple-2023-no-requieren-calculos-retroactivos","status":"publish","type":"post","link":"https:\/\/incp.org.co\/agendatributariaincp\/noticias\/2024\/07\/anticipos-del-simple-2023-no-requieren-calculos-retroactivos\/","title":{"rendered":"Anticipos del SIMPLE 2023 no requieren c\u00e1lculos retroactivos"},"content":{"rendered":"\n<p>La Direcci\u00f3n de Impuestos y Aduanas Nacionales (DIAN) public\u00f3 el Concepto No. 383 del 24 de mayo de 2024, por medio del cual realiz\u00f3 la quinta adici\u00f3n a su Concepto General sobre el R\u00e9gimen Simple de Tributaci\u00f3n (SIMPLE), dando respuesta a la siguiente consulta acerca del c\u00e1lculo de los anticipos del SIMPLE para el a\u00f1o gravable 2023 con ocasi\u00f3n de la declaratoria de inexequibilidad de los topes y tarifas de dicho r\u00e9gimen.<\/p>\n\n\n\n<p><strong>Seg\u00fan la modificaci\u00f3n realizada por el art\u00edculo 44 de la Ley 2277 de 2022, \u00bflos anticipos pagados del r\u00e9gimen simple de tributaci\u00f3n -SIMPLE deben recalcularse con la nueva tarifa revivida?<\/strong><\/p>\n\n\n\n<p>La administraci\u00f3n tributaria record\u00f3 que la Corte Constitucional, mediante la Sentencia No. C-540 de 2023, declar\u00f3 inexequibles las disposiciones de la reforma tributaria relacionadas con los topes y tarifas del SIMPLE aplicables a las profesiones liberales, con lo cual se revivieron las disposiciones frente a los topes y tarifas de la Ley 2155 de 2021*. Sin embargo, la DIAN aclar\u00f3 que lo anterior no tendr\u00eda una aplicaci\u00f3n retroactiva.<\/p>\n\n\n\n<p>Teniendo en cuenta lo anterior, los anticipos calculados y pagados bajo la vigencia de las disposiciones declaradas inexequibles permanecen v\u00e1lidos, ya que la decisi\u00f3n de la Corte empez\u00f3 a tener efectos desde el 5 de diciembre de 2023. Por lo tanto, los anticipos liquidados con la tarifa declarada inexequible son v\u00e1lidos y no requieren ser recalculados con la tarifa revivida. As\u00ed pues, la DIAN se\u00f1al\u00f3 que para los pr\u00f3ximos periodos la liquidaci\u00f3n de los anticipos deber\u00e1 ser calculada con lo indicado en la Ley 2155 de 2021.<\/p>\n\n\n\n<p>Para m\u00e1s informaci\u00f3n, consulte el documento adjunto.<\/p>\n\n\n\n<p>Ver: <a href=\"https:\/\/incp.org.co\/agendatributariaincp\/wp-content\/uploads\/2024\/07\/Concepto-No.-383-del-24-de-mayo-de-2024-\u2013-DIAN.pdf\">Concepto No. 383 del 2024 \u2013 DIAN<\/a><\/p>\n\n\n\n<p><em>*Por medio de la cual se expide la ley de inversi\u00f3n social y se dictan otras disposiciones<\/em><\/p>\n\n\n\n<p><strong>Redacci\u00f3n INCP<\/strong><\/p>\n","protected":false},"excerpt":{"rendered":"<p>La Direcci\u00f3n de Impuestos y Aduanas Nacionales (DIAN) public\u00f3 el Concepto No. 383 del 24 de mayo de 2024, por medio del cual realiz\u00f3 la quinta adici\u00f3n a su Concepto General sobre el R\u00e9gimen Simple de Tributaci\u00f3n (SIMPLE), dando respuesta a la siguiente consulta acerca del c\u00e1lculo de los anticipos del SIMPLE para el a\u00f1o&hellip; <br \/> <a class=\"read-more\" href=\"https:\/\/incp.org.co\/agendatributariaincp\/noticias\/2024\/07\/anticipos-del-simple-2023-no-requieren-calculos-retroactivos\/\">Read more<\/a><\/p>\n","protected":false},"author":24468,"featured_media":2201,"comment_status":"open","ping_status":"open","sticky":false,"template":"","format":"standard","meta":{"footnotes":""},"categories":[13],"tags":[],"class_list":["post-2203","post","type-post","status-publish","format-standard","has-post-thumbnail","hentry","category-noticias"],"_links":{"self":[{"href":"https:\/\/incp.org.co\/agendatributariaincp\/wp-json\/wp\/v2\/posts\/2203","targetHints":{"allow":["GET"]}}],"collection":[{"href":"https:\/\/incp.org.co\/agendatributariaincp\/wp-json\/wp\/v2\/posts"}],"about":[{"href":"https:\/\/incp.org.co\/agendatributariaincp\/wp-json\/wp\/v2\/types\/post"}],"author":[{"embeddable":true,"href":"https:\/\/incp.org.co\/agendatributariaincp\/wp-json\/wp\/v2\/users\/24468"}],"replies":[{"embeddable":true,"href":"https:\/\/incp.org.co\/agendatributariaincp\/wp-json\/wp\/v2\/comments?post=2203"}],"version-history":[{"count":1,"href":"https:\/\/incp.org.co\/agendatributariaincp\/wp-json\/wp\/v2\/posts\/2203\/revisions"}],"predecessor-version":[{"id":2204,"href":"https:\/\/incp.org.co\/agendatributariaincp\/wp-json\/wp\/v2\/posts\/2203\/revisions\/2204"}],"wp:featuredmedia":[{"embeddable":true,"href":"https:\/\/incp.org.co\/agendatributariaincp\/wp-json\/wp\/v2\/media\/2201"}],"wp:attachment":[{"href":"https:\/\/incp.org.co\/agendatributariaincp\/wp-json\/wp\/v2\/media?parent=2203"}],"wp:term":[{"taxonomy":"category","embeddable":true,"href":"https:\/\/incp.org.co\/agendatributariaincp\/wp-json\/wp\/v2\/categories?post=2203"},{"taxonomy":"post_tag","embeddable":true,"href":"https:\/\/incp.org.co\/agendatributariaincp\/wp-json\/wp\/v2\/tags?post=2203"}],"curies":[{"name":"wp","href":"https:\/\/api.w.org\/{rel}","templated":true}]}}