{"id":2216,"date":"2024-07-03T11:37:35","date_gmt":"2024-07-03T16:37:35","guid":{"rendered":"https:\/\/incp.org.co\/agendatributariaincp\/?p=2216"},"modified":"2024-07-03T11:37:36","modified_gmt":"2024-07-03T16:37:36","slug":"tasa-minima-de-tributacion-es-declarada-exequible-por-la-corte-constitucional","status":"publish","type":"post","link":"https:\/\/incp.org.co\/agendatributariaincp\/noticias\/2024\/07\/tasa-minima-de-tributacion-es-declarada-exequible-por-la-corte-constitucional\/","title":{"rendered":"Tasa m\u00ednima de tributaci\u00f3n es declarada exequible por la Corte Constitucional"},"content":{"rendered":"\n<p>La Corte Constitucional public\u00f3 su Comunicado No. 26, correspondiente a las noticias del 12 y 13 de junio de 2024, en este documento present\u00f3 un resumen de la Sentencia No. C-219 del 12 de junio de 2024, por medio de la cual declar\u00f3 exequible la tasa m\u00ednima de tributaci\u00f3n para contribuyentes del impuesto de renta, prevista en el par\u00e1grafo 6 del art\u00edculo 240 del Estatuto Tributario (E.T.), adicionada por el art\u00edculo 10 de la reforma tributaria, la cual no desconoce los principios de consecutividad e identidad flexible.<\/p>\n\n\n\n<p>Este pronunciamiento de la Corte se da en respuesta al Expediente No. 15369 en el que se hab\u00eda admitido una demanda de inconstitucionalidad contra el par\u00e1grafo 6 del art\u00edculo 240 del E.T.. Los demandantes argumentaban &nbsp;que entre el primer debate conjunto en las comisiones econ\u00f3micas permanentes de la C\u00e1mara de Representantes y del Senado de la Rep\u00fablica y el debate adelantado en las plenarias de las mismas c\u00e1maras, el enunciado fue variado en un 95&nbsp;% y no se cumplieron los principios de consecutividad e identidad flexible en los t\u00e9rminos previstos en los art\u00edculos 157 y 160 de la Constituci\u00f3n Pol\u00edtica.<\/p>\n\n\n\n<p>As\u00ed bien, luego de examinar el tr\u00e1mite legislativo adelantado respecto del enunciado demandado, no se verific\u00f3 el vicio invocado en la demanda. Por lo anterior, la Corte decidi\u00f3 declarar la exequibilidad -por el cargo analizado- del par\u00e1grafo 6 del art\u00edculo 240 del E.T.<\/p>\n\n\n\n<p>Para m\u00e1s informaci\u00f3n, consulte el documento adjunto.<\/p>\n\n\n\n<p>Ver: <a href=\"https:\/\/incp.org.co\/agendatributariaincp\/wp-content\/uploads\/2024\/07\/Comunicado-No.-26-\u2013-Corte-Constitucional.pdf\">Comunicado No. 26 \u2013 Corte Constitucional<\/a><\/p>\n\n\n\n<p><strong>Redacci\u00f3n INCP<\/strong><\/p>\n","protected":false},"excerpt":{"rendered":"<p>La Corte Constitucional public\u00f3 su Comunicado No. 26, correspondiente a las noticias del 12 y 13 de junio de 2024, en este documento present\u00f3 un resumen de la Sentencia No. C-219 del 12 de junio de 2024, por medio de la cual declar\u00f3 exequible la tasa m\u00ednima de tributaci\u00f3n para contribuyentes del impuesto de renta,&hellip; <br \/> <a class=\"read-more\" href=\"https:\/\/incp.org.co\/agendatributariaincp\/noticias\/2024\/07\/tasa-minima-de-tributacion-es-declarada-exequible-por-la-corte-constitucional\/\">Read more<\/a><\/p>\n","protected":false},"author":24468,"featured_media":2218,"comment_status":"open","ping_status":"open","sticky":false,"template":"","format":"standard","meta":{"footnotes":""},"categories":[13],"tags":[],"class_list":["post-2216","post","type-post","status-publish","format-standard","has-post-thumbnail","hentry","category-noticias"],"_links":{"self":[{"href":"https:\/\/incp.org.co\/agendatributariaincp\/wp-json\/wp\/v2\/posts\/2216","targetHints":{"allow":["GET"]}}],"collection":[{"href":"https:\/\/incp.org.co\/agendatributariaincp\/wp-json\/wp\/v2\/posts"}],"about":[{"href":"https:\/\/incp.org.co\/agendatributariaincp\/wp-json\/wp\/v2\/types\/post"}],"author":[{"embeddable":true,"href":"https:\/\/incp.org.co\/agendatributariaincp\/wp-json\/wp\/v2\/users\/24468"}],"replies":[{"embeddable":true,"href":"https:\/\/incp.org.co\/agendatributariaincp\/wp-json\/wp\/v2\/comments?post=2216"}],"version-history":[{"count":1,"href":"https:\/\/incp.org.co\/agendatributariaincp\/wp-json\/wp\/v2\/posts\/2216\/revisions"}],"predecessor-version":[{"id":2219,"href":"https:\/\/incp.org.co\/agendatributariaincp\/wp-json\/wp\/v2\/posts\/2216\/revisions\/2219"}],"wp:featuredmedia":[{"embeddable":true,"href":"https:\/\/incp.org.co\/agendatributariaincp\/wp-json\/wp\/v2\/media\/2218"}],"wp:attachment":[{"href":"https:\/\/incp.org.co\/agendatributariaincp\/wp-json\/wp\/v2\/media?parent=2216"}],"wp:term":[{"taxonomy":"category","embeddable":true,"href":"https:\/\/incp.org.co\/agendatributariaincp\/wp-json\/wp\/v2\/categories?post=2216"},{"taxonomy":"post_tag","embeddable":true,"href":"https:\/\/incp.org.co\/agendatributariaincp\/wp-json\/wp\/v2\/tags?post=2216"}],"curies":[{"name":"wp","href":"https:\/\/api.w.org\/{rel}","templated":true}]}}