{"id":2228,"date":"2024-07-03T11:43:06","date_gmt":"2024-07-03T16:43:06","guid":{"rendered":"https:\/\/incp.org.co\/agendatributariaincp\/?p=2228"},"modified":"2024-07-03T11:43:08","modified_gmt":"2024-07-03T16:43:08","slug":"clarificaciones-de-la-dian-sobre-el-impuesto-a-productos-plasticos","status":"publish","type":"post","link":"https:\/\/incp.org.co\/agendatributariaincp\/noticias\/2024\/07\/clarificaciones-de-la-dian-sobre-el-impuesto-a-productos-plasticos\/","title":{"rendered":"Clarificaciones de la DIAN sobre el impuesto a productos pl\u00e1sticos"},"content":{"rendered":"\n<p>La Direcci\u00f3n de Impuestos y Aduanas Nacionales (DIAN) public\u00f3 el Oficio No. 100208192-387 del 27 de mayo de 2024, con el cual absolvi\u00f3 las siguientes dos consultas y realiz\u00f3 una cuarta adici\u00f3n a su Concepto general sobre el impuesto nacional a productos pl\u00e1sticos de un solo uso utilizados para envasar, embalar o empacar bienes.<\/p>\n\n\n\n<p><strong>Con ocasi\u00f3n de la Sentencia C- 506 de 2023 \u00bfa partir de qu\u00e9 fecha es exigible el impuesto nacional sobre productos pl\u00e1sticos de un solo uso utilizados para envasar, embalar o empacar bienes?<\/strong><\/p>\n\n\n\n<p>Ante esto, la DIAN afirm\u00f3 que el impuesto establecido en el art\u00edculo 51 de la reforma tributaria de 2022 (Ley 2277 de 2022) fue declarado como exequible por la Corte Constitucional mediante la Sentencia C-506 de 2023, por lo cual, este aplica ininterrumpidamente desde el 13 de diciembre de 2022, momento en que se promulg\u00f3 la ley 2277 de 2022.<\/p>\n\n\n\n<p><strong>Con ocasi\u00f3n de lo resuelto por el Consejo de Estado mediante auto del 4 de septiembre de 2023, en el marco del expediente No. 11001-03-27-000-2023-00018-00 (27715), \u00bfel punto 3 del Concepto 000I2023000641 del 20 de enero de 2023 y el numeral 1.1. del Concepto 000I20230002390 del 1 de marzo de 2023 se aplicaron mientras se encontraban suspendidos sus efectos de manera provisional?<\/strong><\/p>\n\n\n\n<p>En relaci\u00f3n con este tema, la administraci\u00f3n tributaria record\u00f3 que en el mes de septiembre de 2023 el Consejo de Estado decret\u00f3 la suspensi\u00f3n del Concepto 000I2023000641 del 20 de enero de 2023 y el Concepto 000I20230002390 del 1 de marzo de 2023, los cuales se pronunciaron sobre la calidad de sujeto pasivo y responsable del impuesto nacional sobre productos pl\u00e1sticos de un solo uso. No obstante, esta decisi\u00f3n fue revocada debido al comunicado de la Corte Constitucional en el que dio a conocer su decisi\u00f3n sobre la exequibilidad de la norma, por lo cual, el levantamiento de la suspensi\u00f3n surte los efectos plenos de la misma.<\/p>\n\n\n\n<p>Para m\u00e1s informaci\u00f3n, consulte el documento adjunto.<\/p>\n\n\n\n<p>Ver: <a href=\"https:\/\/incp.org.co\/agendatributariaincp\/wp-content\/uploads\/2024\/07\/Oficio-No.-100208192-387-del-27-de-mayo-de-2024-\u2013-DIAN.pdf\">Oficio No. 100208192-387 del 2024 \u2013 DIAN<\/a><\/p>\n\n\n\n<p><strong>Redacci\u00f3n INCP<\/strong><\/p>\n","protected":false},"excerpt":{"rendered":"<p>La Direcci\u00f3n de Impuestos y Aduanas Nacionales (DIAN) public\u00f3 el Oficio No. 100208192-387 del 27 de mayo de 2024, con el cual absolvi\u00f3 las siguientes dos consultas y realiz\u00f3 una cuarta adici\u00f3n a su Concepto general sobre el impuesto nacional a productos pl\u00e1sticos de un solo uso utilizados para envasar, embalar o empacar bienes. Con&hellip; <br \/> <a class=\"read-more\" href=\"https:\/\/incp.org.co\/agendatributariaincp\/noticias\/2024\/07\/clarificaciones-de-la-dian-sobre-el-impuesto-a-productos-plasticos\/\">Read more<\/a><\/p>\n","protected":false},"author":24468,"featured_media":2221,"comment_status":"open","ping_status":"open","sticky":false,"template":"","format":"standard","meta":{"footnotes":""},"categories":[13],"tags":[],"class_list":["post-2228","post","type-post","status-publish","format-standard","has-post-thumbnail","hentry","category-noticias"],"_links":{"self":[{"href":"https:\/\/incp.org.co\/agendatributariaincp\/wp-json\/wp\/v2\/posts\/2228","targetHints":{"allow":["GET"]}}],"collection":[{"href":"https:\/\/incp.org.co\/agendatributariaincp\/wp-json\/wp\/v2\/posts"}],"about":[{"href":"https:\/\/incp.org.co\/agendatributariaincp\/wp-json\/wp\/v2\/types\/post"}],"author":[{"embeddable":true,"href":"https:\/\/incp.org.co\/agendatributariaincp\/wp-json\/wp\/v2\/users\/24468"}],"replies":[{"embeddable":true,"href":"https:\/\/incp.org.co\/agendatributariaincp\/wp-json\/wp\/v2\/comments?post=2228"}],"version-history":[{"count":1,"href":"https:\/\/incp.org.co\/agendatributariaincp\/wp-json\/wp\/v2\/posts\/2228\/revisions"}],"predecessor-version":[{"id":2229,"href":"https:\/\/incp.org.co\/agendatributariaincp\/wp-json\/wp\/v2\/posts\/2228\/revisions\/2229"}],"wp:featuredmedia":[{"embeddable":true,"href":"https:\/\/incp.org.co\/agendatributariaincp\/wp-json\/wp\/v2\/media\/2221"}],"wp:attachment":[{"href":"https:\/\/incp.org.co\/agendatributariaincp\/wp-json\/wp\/v2\/media?parent=2228"}],"wp:term":[{"taxonomy":"category","embeddable":true,"href":"https:\/\/incp.org.co\/agendatributariaincp\/wp-json\/wp\/v2\/categories?post=2228"},{"taxonomy":"post_tag","embeddable":true,"href":"https:\/\/incp.org.co\/agendatributariaincp\/wp-json\/wp\/v2\/tags?post=2228"}],"curies":[{"name":"wp","href":"https:\/\/api.w.org\/{rel}","templated":true}]}}