{"id":2250,"date":"2024-07-05T16:40:28","date_gmt":"2024-07-05T21:40:28","guid":{"rendered":"https:\/\/incp.org.co\/agendatributariaincp\/?p=2250"},"modified":"2024-07-05T16:40:29","modified_gmt":"2024-07-05T21:40:29","slug":"se-puede-deducir-el-iva-de-las-adquisiciones-soportadas-con-factura-electronica","status":"publish","type":"post","link":"https:\/\/incp.org.co\/agendatributariaincp\/noticias\/2024\/07\/se-puede-deducir-el-iva-de-las-adquisiciones-soportadas-con-factura-electronica\/","title":{"rendered":"\u00bfSe puede deducir el IVA de las adquisiciones soportadas con factura electr\u00f3nica?"},"content":{"rendered":"\n<p style=\"text-align:justify\">La Direcci\u00f3n de Impuestos y Aduanas Nacionales (DIAN) public\u00f3 el Concepto No. 379 del 23 de mayo de 2024, en el cual absolvi\u00f3 la siguiente consulta acerca de la deducci\u00f3n en el impuesto de renta de las adquisiciones soportadas con factura electr\u00f3nica de venta.<\/p>\n\n\n\n<p style=\"text-align:justify\"><strong>\u00bfPara efectos de calcular la deducci\u00f3n del impuesto sobre la renta contemplada en el numeral 5 del art\u00edculo 336 del Estatuto Tributario (E.T.), se debe incluir el IVA pagado por las adquisiciones de bienes y\/o servicios?<\/strong><\/p>\n\n\n\n<p style=\"text-align:justify\">Recordemos que esta deducci\u00f3n dispuso que las personas naturales que declaren ingresos de la c\u00e9dula general a los que se refiere el art\u00edculo 335 del E.T. y que adquieran bienes y\/o servicios, podr\u00e1n solicitar como deducci\u00f3n en el impuesto sobre la renta, independientemente de que tenga o no relaci\u00f3n de causalidad con la actividad productora de renta del contribuyente, el 1&nbsp;% del valor de las adquisiciones, sin que excedan las 240 unidades de valor tributario (UVT) en el respectivo a\u00f1o gravable.<\/p>\n\n\n\n<p style=\"text-align:justify\">Ante esto, la DIAN afirm\u00f3 que para efectos de calcular la deducci\u00f3n mencionada anteriormente, se debe incluir el valor del IVA pagado por las adquisiciones de bienes y\/o servicios, toda vez que este hace parte del valor de la adquisici\u00f3n. No obstante, si dicho valor fue solicitado como costo o deducci\u00f3n en el impuesto sobre la renta, impuesto descontable en el impuesto sobre las ventas o como cualquier otro beneficio tributario, el adquirente deber\u00e1 excluir el valor del IVA pagado, por lo que corresponder\u00e1 al contribuyente determinar en cada caso el tratamiento que le debe dar al IVA pagado por la adquisici\u00f3n del bien y\/o servicio.<\/p>\n\n\n\n<p>Para m\u00e1s informaci\u00f3n, consulte el documento adjunto.<\/p>\n\n\n\n<p>Ver: <a href=\"https:\/\/incp.org.co\/agendatributariaincp\/wp-content\/uploads\/2024\/07\/Concepto-No.-379-del-23-de-mayo-de-2024-\u2013-DIAN.pdf\">Concepto No. 379 del 2024 \u2013 DIAN<\/a><\/p>\n\n\n\n<p><strong>Redacci\u00f3n INCP<\/strong><\/p>\n","protected":false},"excerpt":{"rendered":"<p>La Direcci\u00f3n de Impuestos y Aduanas Nacionales (DIAN) public\u00f3 el Concepto No. 379 del 23 de mayo de 2024, en el cual absolvi\u00f3 la siguiente consulta acerca de la deducci\u00f3n en el impuesto de renta de las adquisiciones soportadas con factura electr\u00f3nica de venta. \u00bfPara efectos de calcular la deducci\u00f3n del impuesto sobre la renta&hellip; <br \/> <a class=\"read-more\" href=\"https:\/\/incp.org.co\/agendatributariaincp\/noticias\/2024\/07\/se-puede-deducir-el-iva-de-las-adquisiciones-soportadas-con-factura-electronica\/\">Read more<\/a><\/p>\n","protected":false},"author":24468,"featured_media":2249,"comment_status":"open","ping_status":"open","sticky":false,"template":"","format":"standard","meta":{"footnotes":""},"categories":[13],"tags":[],"class_list":["post-2250","post","type-post","status-publish","format-standard","has-post-thumbnail","hentry","category-noticias"],"_links":{"self":[{"href":"https:\/\/incp.org.co\/agendatributariaincp\/wp-json\/wp\/v2\/posts\/2250","targetHints":{"allow":["GET"]}}],"collection":[{"href":"https:\/\/incp.org.co\/agendatributariaincp\/wp-json\/wp\/v2\/posts"}],"about":[{"href":"https:\/\/incp.org.co\/agendatributariaincp\/wp-json\/wp\/v2\/types\/post"}],"author":[{"embeddable":true,"href":"https:\/\/incp.org.co\/agendatributariaincp\/wp-json\/wp\/v2\/users\/24468"}],"replies":[{"embeddable":true,"href":"https:\/\/incp.org.co\/agendatributariaincp\/wp-json\/wp\/v2\/comments?post=2250"}],"version-history":[{"count":1,"href":"https:\/\/incp.org.co\/agendatributariaincp\/wp-json\/wp\/v2\/posts\/2250\/revisions"}],"predecessor-version":[{"id":2253,"href":"https:\/\/incp.org.co\/agendatributariaincp\/wp-json\/wp\/v2\/posts\/2250\/revisions\/2253"}],"wp:featuredmedia":[{"embeddable":true,"href":"https:\/\/incp.org.co\/agendatributariaincp\/wp-json\/wp\/v2\/media\/2249"}],"wp:attachment":[{"href":"https:\/\/incp.org.co\/agendatributariaincp\/wp-json\/wp\/v2\/media?parent=2250"}],"wp:term":[{"taxonomy":"category","embeddable":true,"href":"https:\/\/incp.org.co\/agendatributariaincp\/wp-json\/wp\/v2\/categories?post=2250"},{"taxonomy":"post_tag","embeddable":true,"href":"https:\/\/incp.org.co\/agendatributariaincp\/wp-json\/wp\/v2\/tags?post=2250"}],"curies":[{"name":"wp","href":"https:\/\/api.w.org\/{rel}","templated":true}]}}