{"id":2259,"date":"2024-07-08T13:18:04","date_gmt":"2024-07-08T18:18:04","guid":{"rendered":"https:\/\/incp.org.co\/agendatributariaincp\/?p=2259"},"modified":"2024-07-08T13:18:05","modified_gmt":"2024-07-08T18:18:05","slug":"aun-esta-a-tiempo-comente-la-depuracion-de-la-circular-basica-contable-y-financiera","status":"publish","type":"post","link":"https:\/\/incp.org.co\/agendatributariaincp\/noticias\/2024\/07\/aun-esta-a-tiempo-comente-la-depuracion-de-la-circular-basica-contable-y-financiera\/","title":{"rendered":"A\u00fan est\u00e1 a tiempo: comente la depuraci\u00f3n de la Circular B\u00e1sica Contable y Financiera"},"content":{"rendered":"\n<p style=\"text-align:justify\">La Superintendencia Financiera (SuperFinanciera) anunci\u00f3 que ampli\u00f3 el plazo para el env\u00edo de comentarios y sugerencias a su Circular B\u00e1sica Contable y Financiera (CBCF).<\/p>\n\n\n\n<p style=\"text-align:justify\"><a href=\"https:\/\/incp.org.co\/publicaciones\/infoincp-publicaciones\/2024\/06\/superfinanciera-depurara-su-circular-basica-contable-y-financiera\/\">Recordemos que el mes pasado, la SuperFinanciera anunci\u00f3 el inicio de un proceso de consulta para depurar su CBCF<\/a> con el objetivo de que las instrucciones de esta norma cumplan con los criterios de calidad, claridad y eficiencia, facilitando el cumplimiento de las obligaciones por parte de las entidades vigiladas. As\u00ed pues, el plazo inicialmente establecido para remitir comentarios y sugerencias (1 de julio de 2024) fue extendido hasta el 15 de julio de 2024.<\/p>\n\n\n\n<p style=\"text-align:justify\">Usted podr\u00e1 enviar sus apreciaciones a esta depuraci\u00f3n al correo electr\u00f3nico: <a href=\"mailto:normativa@superfinanciera.gov.co\">normativa@superfinanciera.gov.co<\/a> en el formato de excel adjunto, el cual debe diligenciarse de acuerdo con las instrucciones descritas en el mismo documento. Adem\u00e1s, en el asunto del correo se debe incluir \u00fanicamente el radicado No. 2024070477.<\/p>\n\n\n\n<p style=\"text-align:justify\">Para m\u00e1s informaci\u00f3n, consulte los documentos adjuntos.<\/p>\n\n\n\n<p>Ver:&nbsp;<a href=\"https:\/\/incp.org.co\/wp-content\/uploads\/2024\/06\/Formato-comentario-externos-CBCF-SuperFinanciera-1.xlsx\">Formato comentarios externos CBCF \u2013 SuperFinanciera<\/a><\/p>\n\n\n\n<p>Ver:&nbsp;<a href=\"https:\/\/incp.org.co\/wp-content\/uploads\/2024\/06\/Comunicado-de-prensa-CBCF-SuperFinanciera.pdf\">Comunicado de prensa CBCF \u2013 SuperFinanciera<\/a><\/p>\n\n\n\n<p><strong>Redacci\u00f3n INCP<\/strong><\/p>\n","protected":false},"excerpt":{"rendered":"<p>La Superintendencia Financiera (SuperFinanciera) anunci\u00f3 que ampli\u00f3 el plazo para el env\u00edo de comentarios y sugerencias a su Circular B\u00e1sica Contable y Financiera (CBCF). Recordemos que el mes pasado, la SuperFinanciera anunci\u00f3 el inicio de un proceso de consulta para depurar su CBCF con el objetivo de que las instrucciones de esta norma cumplan con&hellip; <br \/> <a class=\"read-more\" href=\"https:\/\/incp.org.co\/agendatributariaincp\/noticias\/2024\/07\/aun-esta-a-tiempo-comente-la-depuracion-de-la-circular-basica-contable-y-financiera\/\">Read more<\/a><\/p>\n","protected":false},"author":24468,"featured_media":2257,"comment_status":"open","ping_status":"open","sticky":false,"template":"","format":"standard","meta":{"footnotes":""},"categories":[13],"tags":[],"class_list":["post-2259","post","type-post","status-publish","format-standard","has-post-thumbnail","hentry","category-noticias"],"_links":{"self":[{"href":"https:\/\/incp.org.co\/agendatributariaincp\/wp-json\/wp\/v2\/posts\/2259","targetHints":{"allow":["GET"]}}],"collection":[{"href":"https:\/\/incp.org.co\/agendatributariaincp\/wp-json\/wp\/v2\/posts"}],"about":[{"href":"https:\/\/incp.org.co\/agendatributariaincp\/wp-json\/wp\/v2\/types\/post"}],"author":[{"embeddable":true,"href":"https:\/\/incp.org.co\/agendatributariaincp\/wp-json\/wp\/v2\/users\/24468"}],"replies":[{"embeddable":true,"href":"https:\/\/incp.org.co\/agendatributariaincp\/wp-json\/wp\/v2\/comments?post=2259"}],"version-history":[{"count":1,"href":"https:\/\/incp.org.co\/agendatributariaincp\/wp-json\/wp\/v2\/posts\/2259\/revisions"}],"predecessor-version":[{"id":2260,"href":"https:\/\/incp.org.co\/agendatributariaincp\/wp-json\/wp\/v2\/posts\/2259\/revisions\/2260"}],"wp:featuredmedia":[{"embeddable":true,"href":"https:\/\/incp.org.co\/agendatributariaincp\/wp-json\/wp\/v2\/media\/2257"}],"wp:attachment":[{"href":"https:\/\/incp.org.co\/agendatributariaincp\/wp-json\/wp\/v2\/media?parent=2259"}],"wp:term":[{"taxonomy":"category","embeddable":true,"href":"https:\/\/incp.org.co\/agendatributariaincp\/wp-json\/wp\/v2\/categories?post=2259"},{"taxonomy":"post_tag","embeddable":true,"href":"https:\/\/incp.org.co\/agendatributariaincp\/wp-json\/wp\/v2\/tags?post=2259"}],"curies":[{"name":"wp","href":"https:\/\/api.w.org\/{rel}","templated":true}]}}