{"id":2262,"date":"2024-07-08T13:20:45","date_gmt":"2024-07-08T18:20:45","guid":{"rendered":"https:\/\/incp.org.co\/agendatributariaincp\/?p=2262"},"modified":"2024-07-08T13:32:31","modified_gmt":"2024-07-08T18:32:31","slug":"renta-personas-naturales-guia-sobre-deducciones-soportadas-con-factura-electronica","status":"publish","type":"post","link":"https:\/\/incp.org.co\/agendatributariaincp\/noticias\/2024\/07\/renta-personas-naturales-guia-sobre-deducciones-soportadas-con-factura-electronica\/","title":{"rendered":"Renta personas naturales: gu\u00eda sobre deducciones soportadas con factura electr\u00f3nica"},"content":{"rendered":"\n<p style=\"text-align:justify\">La Direcci\u00f3n de Impuestos y Aduanas Nacionales (DIAN) public\u00f3 un ABC sobre las deducciones que se pueden aplicar en el impuesto sobre la renta para personas naturales por concepto de bienes y servicios adquiridos soportados con factura electr\u00f3nica.<\/p>\n\n\n\n<p style=\"text-align:justify\">La Ley 2277 de 2022 estableci\u00f3 en su art\u00edculo 7 que las personas naturales declarantes de ingresos en la c\u00e9dula general que adquieran bienes o servicios soportados con factura electr\u00f3nica, podr\u00e1n llevar como deducci\u00f3n en su impuesto sobre la renta y complementarios el 1&nbsp;% del valor de dichas adquisiciones, sin que excedan las 240 unidades de valor tributario (UVT) en el respectivo a\u00f1o gravable, independientemente de que tengan o no relaci\u00f3n de causalidad con su actividad productora de renta.<\/p>\n\n\n\n<p style=\"text-align:justify\">En este sentido, en el mencionado ABC la DIAN respondi\u00f3 las siguientes siete inquietudes:<\/p>\n\n\n\n<ol class=\"wp-block-list\">\n<li style=\"text-align:justify\">\u00bfQui\u00e9nes pueden acceder a este beneficio?<\/li>\n\n\n\n<li style=\"text-align:justify\">\u00bfQu\u00e9 porcentaje se puede deducir?<\/li>\n\n\n\n<li style=\"text-align:justify\">\u00bfCu\u00e1les son los requisitos para acceder a este beneficio?<\/li>\n\n\n\n<li style=\"text-align:justify\">\u00bfQu\u00e9 beneficios representa esta nueva medida?<\/li>\n\n\n\n<li style=\"text-align:justify\">\u00bfA partir de que a\u00f1o gravable se pone en marcha este beneficio?<\/li>\n\n\n\n<li style=\"text-align:justify\">\u00bfSi el pago de la compra o servicio por el cual tengo como soporte la factura electr\u00f3nica de venta lo hice en efectivo, puedo acceder al beneficio?<\/li>\n\n\n\n<li style=\"text-align:justify\">\u00bfEn los sistemas de informaci\u00f3n de la DIAN puedo consultar las facturas electr\u00f3nicas expedidas a mi nombre, en caso de que no cuente con todos los archivos a la mano?<\/li>\n<\/ol>\n\n\n\n<p style=\"text-align:justify\">Para m\u00e1s informaci\u00f3n, consulte el documento adjunto.<\/p>\n\n\n\n<p>Ver: <a href=\"https:\/\/incp.org.co\/agendatributariaincp\/wp-content\/uploads\/2024\/07\/Abece-deducciones-por-adquisiciones-soportadas-con-factura-electronica-\u2013-DIAN.pdf\">ABC deducciones por adquisiciones soportadas con factura electr\u00f3nica \u2013 DIAN<\/a><\/p>\n\n\n\n<p><strong>Redacci\u00f3n INCP<\/strong><\/p>\n","protected":false},"excerpt":{"rendered":"<p>La Direcci\u00f3n de Impuestos y Aduanas Nacionales (DIAN) public\u00f3 un ABC sobre las deducciones que se pueden aplicar en el impuesto sobre la renta para personas naturales por concepto de bienes y servicios adquiridos soportados con factura electr\u00f3nica. La Ley 2277 de 2022 estableci\u00f3 en su art\u00edculo 7 que las personas naturales declarantes de ingresos&hellip; <br \/> <a class=\"read-more\" href=\"https:\/\/incp.org.co\/agendatributariaincp\/noticias\/2024\/07\/renta-personas-naturales-guia-sobre-deducciones-soportadas-con-factura-electronica\/\">Read more<\/a><\/p>\n","protected":false},"author":24468,"featured_media":2264,"comment_status":"open","ping_status":"open","sticky":false,"template":"","format":"standard","meta":{"footnotes":""},"categories":[13],"tags":[],"class_list":["post-2262","post","type-post","status-publish","format-standard","has-post-thumbnail","hentry","category-noticias"],"_links":{"self":[{"href":"https:\/\/incp.org.co\/agendatributariaincp\/wp-json\/wp\/v2\/posts\/2262","targetHints":{"allow":["GET"]}}],"collection":[{"href":"https:\/\/incp.org.co\/agendatributariaincp\/wp-json\/wp\/v2\/posts"}],"about":[{"href":"https:\/\/incp.org.co\/agendatributariaincp\/wp-json\/wp\/v2\/types\/post"}],"author":[{"embeddable":true,"href":"https:\/\/incp.org.co\/agendatributariaincp\/wp-json\/wp\/v2\/users\/24468"}],"replies":[{"embeddable":true,"href":"https:\/\/incp.org.co\/agendatributariaincp\/wp-json\/wp\/v2\/comments?post=2262"}],"version-history":[{"count":1,"href":"https:\/\/incp.org.co\/agendatributariaincp\/wp-json\/wp\/v2\/posts\/2262\/revisions"}],"predecessor-version":[{"id":2263,"href":"https:\/\/incp.org.co\/agendatributariaincp\/wp-json\/wp\/v2\/posts\/2262\/revisions\/2263"}],"wp:featuredmedia":[{"embeddable":true,"href":"https:\/\/incp.org.co\/agendatributariaincp\/wp-json\/wp\/v2\/media\/2264"}],"wp:attachment":[{"href":"https:\/\/incp.org.co\/agendatributariaincp\/wp-json\/wp\/v2\/media?parent=2262"}],"wp:term":[{"taxonomy":"category","embeddable":true,"href":"https:\/\/incp.org.co\/agendatributariaincp\/wp-json\/wp\/v2\/categories?post=2262"},{"taxonomy":"post_tag","embeddable":true,"href":"https:\/\/incp.org.co\/agendatributariaincp\/wp-json\/wp\/v2\/tags?post=2262"}],"curies":[{"name":"wp","href":"https:\/\/api.w.org\/{rel}","templated":true}]}}