{"id":2276,"date":"2024-07-15T10:06:27","date_gmt":"2024-07-15T15:06:27","guid":{"rendered":"https:\/\/incp.org.co\/agendatributariaincp\/?p=2276"},"modified":"2024-07-15T10:06:29","modified_gmt":"2024-07-15T15:06:29","slug":"colombia-y-luxemburgo-firman-convenio-para-evitar-la-doble-imposicion","status":"publish","type":"post","link":"https:\/\/incp.org.co\/agendatributariaincp\/noticias-incp\/2024\/07\/colombia-y-luxemburgo-firman-convenio-para-evitar-la-doble-imposicion\/","title":{"rendered":"Colombia y Luxemburgo firman convenio para evitar la doble imposici\u00f3n"},"content":{"rendered":"\n<p style=\"text-align:justify\">La Direcci\u00f3n de Impuestos y Aduanas Nacionales (DIAN) anunci\u00f3 que Colombia firm\u00f3 con Luxemburgo un convenio para evitar la doble imposici\u00f3n del impuesto de renta y patrimonio.<\/p>\n\n\n\n<p style=\"text-align:justify\">Con la suscripci\u00f3n de este convenio, ambas jurisdicciones reiteraron su compromiso de desarrollar relaciones econ\u00f3micas capaces de promover la inversi\u00f3n, el intercambio de bienes y servicios, y aumentar la competitividad de sus actores econ\u00f3micos. En este sentido, contar\u00e1n con un instrumento de vital importancia para fortalecer la cooperaci\u00f3n entre sus administraciones tributarias para combatir de manera eficaz la evasi\u00f3n y elusi\u00f3n fiscal.<\/p>\n\n\n\n<p style=\"text-align:justify\">Este convenio se aplicar\u00e1 a las personas que sean residentes de uno o ambos pa\u00edses y entrar\u00e1 en vigor el 1 de enero de 2025.<\/p>\n\n\n\n<p style=\"text-align:justify\">Para m\u00e1s informaci\u00f3n, consulte el documento adjunto.<\/p>\n\n\n\n<p style=\"text-align:justify\">Ver: <a href=\"https:\/\/incp.org.co\/agendatributariaincp\/wp-content\/uploads\/2024\/07\/Convenio-para-evitar-la-doble-imposicion-del-impuesto-de-renta-CDI-entre-Luxemburgo-y-Colombia-\u2013-DIAN.pdf\">Convenio para evitar la doble imposici\u00f3n del impuesto de renta (CDI) entre Luxemburgo y Colombia \u2013 DIAN<\/a><\/p>\n\n\n\n<p><strong>Redacci\u00f3n INCP<\/strong><\/p>\n","protected":false},"excerpt":{"rendered":"<p>La Direcci\u00f3n de Impuestos y Aduanas Nacionales (DIAN) anunci\u00f3 que Colombia firm\u00f3 con Luxemburgo un convenio para evitar la doble imposici\u00f3n del impuesto de renta y patrimonio. Con la suscripci\u00f3n de este convenio, ambas jurisdicciones reiteraron su compromiso de desarrollar relaciones econ\u00f3micas capaces de promover la inversi\u00f3n, el intercambio de bienes y servicios, y aumentar&hellip; <br \/> <a class=\"read-more\" href=\"https:\/\/incp.org.co\/agendatributariaincp\/noticias-incp\/2024\/07\/colombia-y-luxemburgo-firman-convenio-para-evitar-la-doble-imposicion\/\">Read more<\/a><\/p>\n","protected":false},"author":24468,"featured_media":2270,"comment_status":"open","ping_status":"open","sticky":false,"template":"","format":"standard","meta":{"footnotes":""},"categories":[13],"tags":[],"class_list":["post-2276","post","type-post","status-publish","format-standard","has-post-thumbnail","hentry","category-noticias"],"_links":{"self":[{"href":"https:\/\/incp.org.co\/agendatributariaincp\/wp-json\/wp\/v2\/posts\/2276","targetHints":{"allow":["GET"]}}],"collection":[{"href":"https:\/\/incp.org.co\/agendatributariaincp\/wp-json\/wp\/v2\/posts"}],"about":[{"href":"https:\/\/incp.org.co\/agendatributariaincp\/wp-json\/wp\/v2\/types\/post"}],"author":[{"embeddable":true,"href":"https:\/\/incp.org.co\/agendatributariaincp\/wp-json\/wp\/v2\/users\/24468"}],"replies":[{"embeddable":true,"href":"https:\/\/incp.org.co\/agendatributariaincp\/wp-json\/wp\/v2\/comments?post=2276"}],"version-history":[{"count":1,"href":"https:\/\/incp.org.co\/agendatributariaincp\/wp-json\/wp\/v2\/posts\/2276\/revisions"}],"predecessor-version":[{"id":2277,"href":"https:\/\/incp.org.co\/agendatributariaincp\/wp-json\/wp\/v2\/posts\/2276\/revisions\/2277"}],"wp:featuredmedia":[{"embeddable":true,"href":"https:\/\/incp.org.co\/agendatributariaincp\/wp-json\/wp\/v2\/media\/2270"}],"wp:attachment":[{"href":"https:\/\/incp.org.co\/agendatributariaincp\/wp-json\/wp\/v2\/media?parent=2276"}],"wp:term":[{"taxonomy":"category","embeddable":true,"href":"https:\/\/incp.org.co\/agendatributariaincp\/wp-json\/wp\/v2\/categories?post=2276"},{"taxonomy":"post_tag","embeddable":true,"href":"https:\/\/incp.org.co\/agendatributariaincp\/wp-json\/wp\/v2\/tags?post=2276"}],"curies":[{"name":"wp","href":"https:\/\/api.w.org\/{rel}","templated":true}]}}