{"id":2278,"date":"2024-07-15T11:05:32","date_gmt":"2024-07-15T16:05:32","guid":{"rendered":"https:\/\/incp.org.co\/agendatributariaincp\/?p=2278"},"modified":"2024-07-15T11:16:05","modified_gmt":"2024-07-15T16:16:05","slug":"dian-propone-que-no-se-expida-factura-electronica-en-algunos-municipios-de-colombia","status":"publish","type":"post","link":"https:\/\/incp.org.co\/agendatributariaincp\/noticias-incp\/2024\/07\/dian-propone-que-no-se-expida-factura-electronica-en-algunos-municipios-de-colombia\/","title":{"rendered":"DIAN propone que no se expida factura electr\u00f3nica en algunos municipios de Colombia"},"content":{"rendered":"\n<p><p style=\"text-align:justify\">La Direcci\u00f3n de Impuestos y Aduanas Nacionales (DIAN) public\u00f3 un proyecto de resoluci\u00f3n con el cual busca modificar y adicionar algunas disposiciones a su Resoluci\u00f3n No. 000165 de 2023 relacionadas con el sistema de facturaci\u00f3n electr\u00f3nica. As\u00ed bien, los principales cambios propuestos son:<\/p><\/p>\n\n\n\n<p><p style=\"text-align:justify; padding-left:2%\">1. Extender la fecha m\u00e1xima de implementaci\u00f3n del extracto como documento equivalente electr\u00f3nico hasta el 1 de noviembre de 2024.<\/p><\/p>\n\n\n\n<p style=\"text-align:justify; padding-left:2%\"> 2. Adicionar una lista de municipios (que no cuentan con la cobertura de internet fijo, o cuya conectividad al servicio de internet m\u00f3vil se limita a tecnolog\u00edas 3G y 2G, de acuerdo con el mapa de conectividad que administra el Ministerio de Tecnolog\u00edas de la Informaci\u00f3n y las Comunicaciones) donde los obligados a facturar all\u00ed ubicados, tendr\u00e1n la excepci\u00f3n de habilitarse como facturadores electr\u00f3nicos y por lo tanto, podr\u00e1n expedir factura de talonario o de papel, o un documento equivalente en f\u00edsico, siempre y cuando cumplan con la totalidad de los siguientes requisitos:<\/p>\n\n\n\n<p><p style=\"text-align:justify; padding-left:5%\">a. Que el domicilio fiscal y los establecimientos de comercio del sujeto obligado a facturar est\u00e9n ubicados exclusivamente en los municipios de la lista.<\/p><\/p>\n\n\n\n<p><p style=\"text-align:justify; padding-left:5%\">b. Que el sujeto obligado a facturar no realice ventas por medio de canales electr\u00f3nicos.<\/p><\/p>\n\n\n\n<p><p style=\"text-align:justify; padding-left:5%\">c. Que las empresas ubicadas en dichos municipios no tengan contratado internet satelital para suplir los problemas de conectividad.<\/p><\/p>\n\n\n\n<p><p style=\"text-align:justify; padding-left:2%\">3. Aclarar que el formato de generaci\u00f3n electr\u00f3nica XML ser\u00e1 el que tenga valor legal, por lo tanto, este debe cumplir con el requisito de utilizar el idioma espa\u00f1ol y el peso colombiano en la generaci\u00f3n de los documentos. Ahora bien, la representaci\u00f3n gr\u00e1fica debe cumplir con los requisitos previstos en cada tipo de documento y puede ser dise\u00f1ada de acuerdo con las necesidades del sujeto obligado, en relaci\u00f3n con el idioma y la moneda.<\/p><\/p>\n\n\n\n<p><p style=\"text-align:justify\">Usted puede enviar sus comentarios a este proyecto de resoluci\u00f3n al correo electr\u00f3nico <a href=\"mailto:piloto_sistema_facturacion@dian.gov.co\">piloto_sistema_facturacion@dian.gov.co<\/a> hasta el 18 de julio de 2024.<\/p><\/p>\n\n\n\n<p><p style=\"text-align:justify\">Para m\u00e1s informaci\u00f3n, consulte el documento adjunto.<\/p><\/p>\n\n\n\n<p>Ver: <a href=\"https:\/\/incp.org.co\/agendatributariaincp\/wp-content\/uploads\/2024\/07\/Proyecto-de-resolucion-con-el-que-busca-modificar-y-adicionar-algunas-disposiciones-No.-000165-de-2023-\u2013-DIAN.pdf\">Proyecto de resoluci\u00f3n con el que busca modificar y adicionar algunas disposiciones a su Resoluci\u00f3n No. 000165 de 2023 \u2013 DIAN<\/a><\/p>\n\n\n\n<p><strong>Redacci\u00f3n INCP<\/strong><\/p>\n\n\n\n<p><\/p>\n","protected":false},"excerpt":{"rendered":"<p>La Direcci\u00f3n de Impuestos y Aduanas Nacionales (DIAN) public\u00f3 un proyecto de resoluci\u00f3n con el cual busca modificar y adicionar algunas disposiciones a su Resoluci\u00f3n No. 000165 de 2023 relacionadas con el sistema de facturaci\u00f3n electr\u00f3nica. As\u00ed bien, los principales cambios propuestos son: 1. Extender la fecha m\u00e1xima de implementaci\u00f3n del extracto como documento equivalente&hellip; <br \/> <a class=\"read-more\" href=\"https:\/\/incp.org.co\/agendatributariaincp\/noticias-incp\/2024\/07\/dian-propone-que-no-se-expida-factura-electronica-en-algunos-municipios-de-colombia\/\">Read more<\/a><\/p>\n","protected":false},"author":24468,"featured_media":2271,"comment_status":"open","ping_status":"open","sticky":false,"template":"","format":"standard","meta":{"footnotes":""},"categories":[13],"tags":[],"class_list":["post-2278","post","type-post","status-publish","format-standard","has-post-thumbnail","hentry","category-noticias"],"_links":{"self":[{"href":"https:\/\/incp.org.co\/agendatributariaincp\/wp-json\/wp\/v2\/posts\/2278","targetHints":{"allow":["GET"]}}],"collection":[{"href":"https:\/\/incp.org.co\/agendatributariaincp\/wp-json\/wp\/v2\/posts"}],"about":[{"href":"https:\/\/incp.org.co\/agendatributariaincp\/wp-json\/wp\/v2\/types\/post"}],"author":[{"embeddable":true,"href":"https:\/\/incp.org.co\/agendatributariaincp\/wp-json\/wp\/v2\/users\/24468"}],"replies":[{"embeddable":true,"href":"https:\/\/incp.org.co\/agendatributariaincp\/wp-json\/wp\/v2\/comments?post=2278"}],"version-history":[{"count":3,"href":"https:\/\/incp.org.co\/agendatributariaincp\/wp-json\/wp\/v2\/posts\/2278\/revisions"}],"predecessor-version":[{"id":2286,"href":"https:\/\/incp.org.co\/agendatributariaincp\/wp-json\/wp\/v2\/posts\/2278\/revisions\/2286"}],"wp:featuredmedia":[{"embeddable":true,"href":"https:\/\/incp.org.co\/agendatributariaincp\/wp-json\/wp\/v2\/media\/2271"}],"wp:attachment":[{"href":"https:\/\/incp.org.co\/agendatributariaincp\/wp-json\/wp\/v2\/media?parent=2278"}],"wp:term":[{"taxonomy":"category","embeddable":true,"href":"https:\/\/incp.org.co\/agendatributariaincp\/wp-json\/wp\/v2\/categories?post=2278"},{"taxonomy":"post_tag","embeddable":true,"href":"https:\/\/incp.org.co\/agendatributariaincp\/wp-json\/wp\/v2\/tags?post=2278"}],"curies":[{"name":"wp","href":"https:\/\/api.w.org\/{rel}","templated":true}]}}