{"id":2280,"date":"2024-07-15T11:07:40","date_gmt":"2024-07-15T16:07:40","guid":{"rendered":"https:\/\/incp.org.co\/agendatributariaincp\/?p=2280"},"modified":"2024-07-15T11:07:41","modified_gmt":"2024-07-15T16:07:41","slug":"dian-lanza-micrositio-web-para-facilitar-la-declaracion-de-renta-de-personas-naturales","status":"publish","type":"post","link":"https:\/\/incp.org.co\/agendatributariaincp\/noticias-incp\/2024\/07\/dian-lanza-micrositio-web-para-facilitar-la-declaracion-de-renta-de-personas-naturales\/","title":{"rendered":"DIAN lanza micrositio web para facilitar la declaraci\u00f3n de renta de personas naturales"},"content":{"rendered":"\n<p style=\"text-align:justify\">La Direcci\u00f3n de Impuestos y Aduanas Nacionales (DIAN) puso a disposici\u00f3n del p\u00fablico un micrositio en su p\u00e1gina web donde proporciona informaci\u00f3n relacionada con la declaraci\u00f3n del impuesto de renta por parte de las personas naturales, tal como:<\/p>\n\n\n\n<ol class=\"wp-block-list\">\n<li style=\"text-align:justify\">Las condiciones para estar obligado a presentar la declaraci\u00f3n de renta por el a\u00f1o gravable 2023.<\/li>\n\n\n\n<li style=\"text-align:justify\">El calendario de vencimientos.<\/li>\n\n\n\n<li style=\"text-align:justify\">Informaci\u00f3n que sirve de preparaci\u00f3n para presentar la declaraci\u00f3n de renta.<\/li>\n\n\n\n<li style=\"text-align:justify\">Una gu\u00eda de c\u00f3mo hacer la declaraci\u00f3n de renta.<\/li>\n\n\n\n<li style=\"text-align:justify\">Explicaciones del por qu\u00e9 es importante presentar la declaraci\u00f3n de renta.<\/li>\n<\/ol>\n\n\n\n<p style=\"text-align:justify\">Adem\u00e1s de lo anterior, el micrositio cuenta con accesos directos a los canales de atenci\u00f3n de la DIAN y la programaci\u00f3n de los eventos de capacitaci\u00f3n y sensibilizaci\u00f3n relacionados con la declaraci\u00f3n de renta que se realizan en las principales ciudades del pa\u00eds.<\/p>\n\n\n\n<p style=\"text-align:justify\">Usted puede consultar el micrositio dando clic <a href=\"https:\/\/micrositios.dian.gov.co\/renta-personas-naturales-ag-2023\/\">aqu\u00ed<\/a>.<\/p>\n\n\n\n<p><strong>Redacci\u00f3n INCP<\/strong><\/p>\n","protected":false},"excerpt":{"rendered":"<p>La Direcci\u00f3n de Impuestos y Aduanas Nacionales (DIAN) puso a disposici\u00f3n del p\u00fablico un micrositio en su p\u00e1gina web donde proporciona informaci\u00f3n relacionada con la declaraci\u00f3n del impuesto de renta por parte de las personas naturales, tal como: Adem\u00e1s de lo anterior, el micrositio cuenta con accesos directos a los canales de atenci\u00f3n de la&hellip; <br \/> <a class=\"read-more\" href=\"https:\/\/incp.org.co\/agendatributariaincp\/noticias-incp\/2024\/07\/dian-lanza-micrositio-web-para-facilitar-la-declaracion-de-renta-de-personas-naturales\/\">Read more<\/a><\/p>\n","protected":false},"author":24468,"featured_media":2274,"comment_status":"open","ping_status":"open","sticky":false,"template":"","format":"standard","meta":{"footnotes":""},"categories":[13],"tags":[],"class_list":["post-2280","post","type-post","status-publish","format-standard","has-post-thumbnail","hentry","category-noticias"],"_links":{"self":[{"href":"https:\/\/incp.org.co\/agendatributariaincp\/wp-json\/wp\/v2\/posts\/2280","targetHints":{"allow":["GET"]}}],"collection":[{"href":"https:\/\/incp.org.co\/agendatributariaincp\/wp-json\/wp\/v2\/posts"}],"about":[{"href":"https:\/\/incp.org.co\/agendatributariaincp\/wp-json\/wp\/v2\/types\/post"}],"author":[{"embeddable":true,"href":"https:\/\/incp.org.co\/agendatributariaincp\/wp-json\/wp\/v2\/users\/24468"}],"replies":[{"embeddable":true,"href":"https:\/\/incp.org.co\/agendatributariaincp\/wp-json\/wp\/v2\/comments?post=2280"}],"version-history":[{"count":1,"href":"https:\/\/incp.org.co\/agendatributariaincp\/wp-json\/wp\/v2\/posts\/2280\/revisions"}],"predecessor-version":[{"id":2281,"href":"https:\/\/incp.org.co\/agendatributariaincp\/wp-json\/wp\/v2\/posts\/2280\/revisions\/2281"}],"wp:featuredmedia":[{"embeddable":true,"href":"https:\/\/incp.org.co\/agendatributariaincp\/wp-json\/wp\/v2\/media\/2274"}],"wp:attachment":[{"href":"https:\/\/incp.org.co\/agendatributariaincp\/wp-json\/wp\/v2\/media?parent=2280"}],"wp:term":[{"taxonomy":"category","embeddable":true,"href":"https:\/\/incp.org.co\/agendatributariaincp\/wp-json\/wp\/v2\/categories?post=2280"},{"taxonomy":"post_tag","embeddable":true,"href":"https:\/\/incp.org.co\/agendatributariaincp\/wp-json\/wp\/v2\/tags?post=2280"}],"curies":[{"name":"wp","href":"https:\/\/api.w.org\/{rel}","templated":true}]}}