{"id":2294,"date":"2024-07-17T10:25:38","date_gmt":"2024-07-17T15:25:38","guid":{"rendered":"https:\/\/incp.org.co\/agendatributariaincp\/?p=2294"},"modified":"2024-07-17T10:25:39","modified_gmt":"2024-07-17T15:25:39","slug":"renta-personas-naturales-aclaracion-sobre-la-deduccion-del-1-de-las-compras-con-factura-electronica","status":"publish","type":"post","link":"https:\/\/incp.org.co\/agendatributariaincp\/noticias-incp\/2024\/07\/renta-personas-naturales-aclaracion-sobre-la-deduccion-del-1-de-las-compras-con-factura-electronica\/","title":{"rendered":"Renta personas naturales: aclaraci\u00f3n sobre la deducci\u00f3n del 1% de las compras con factura electr\u00f3nica"},"content":{"rendered":"\n<p style=\"text-align:justify\">La Direcci\u00f3n de Impuestos y Aduanas Nacionales (DIAN) public\u00f3 el Concepto No. 423 del 6 de junio de 2024, donde absolvi\u00f3 una consulta acerca de la posibilidad de deducir las compras con factura electr\u00f3nica a nombre de un mandatario.<\/p>\n\n\n\n<p style=\"text-align:justify\">La \u00faltima reforma tributaria (Ley 2277 de 2022) estableci\u00f3 que los contribuyentes personas naturales que declaran ingresos en la c\u00e9dula general pueden solicitar como deducci\u00f3n en el impuesto sobre la renta, independientemente de que tenga o no relaci\u00f3n de causalidad con su actividad productora, el 1&nbsp;% del valor de las adquisiciones soportadas con factura electr\u00f3nica, sin que excedan las 240 unidades de valor tributario (UVT) en el respectivo a\u00f1o gravable.<\/p>\n\n\n\n<p style=\"text-align:justify\">En tal sentido, la DIAN aclar\u00f3 que solo se tendr\u00e1n en cuenta las adquisiciones realizadas directamente por las personas naturales declarantes de ingresos en la c\u00e9dula general, soportadas con factura electr\u00f3nica y que cumplan con todos los requisitos se\u00f1alados en el numeral 5 del art\u00edculo 336 del Estatuto Tributario.<\/p>\n\n\n\n<p style=\"text-align:justify\">Para m\u00e1s informaci\u00f3n, consulte el documento adjunto.<\/p>\n\n\n\n<p style=\"text-align:justify\">Ver: <a href=\"https:\/\/incp.org.co\/agendatributariaincp\/wp-content\/uploads\/2024\/07\/Concepto-No.-423-del-6-de-junio-de-2024-\u2013-DIAN.pdf\">Concepto No. 423 del 6 de junio de 2024 \u2013 DIAN<\/a><\/p>\n\n\n\n<p><strong>Redacci\u00f3n INCP<\/strong><\/p>\n","protected":false},"excerpt":{"rendered":"<p>La Direcci\u00f3n de Impuestos y Aduanas Nacionales (DIAN) public\u00f3 el Concepto No. 423 del 6 de junio de 2024, donde absolvi\u00f3 una consulta acerca de la posibilidad de deducir las compras con factura electr\u00f3nica a nombre de un mandatario. La \u00faltima reforma tributaria (Ley 2277 de 2022) estableci\u00f3 que los contribuyentes personas naturales que declaran&hellip; <br \/> <a class=\"read-more\" href=\"https:\/\/incp.org.co\/agendatributariaincp\/noticias-incp\/2024\/07\/renta-personas-naturales-aclaracion-sobre-la-deduccion-del-1-de-las-compras-con-factura-electronica\/\">Read more<\/a><\/p>\n","protected":false},"author":24468,"featured_media":2289,"comment_status":"open","ping_status":"open","sticky":false,"template":"","format":"standard","meta":{"footnotes":""},"categories":[13],"tags":[],"class_list":["post-2294","post","type-post","status-publish","format-standard","has-post-thumbnail","hentry","category-noticias"],"_links":{"self":[{"href":"https:\/\/incp.org.co\/agendatributariaincp\/wp-json\/wp\/v2\/posts\/2294","targetHints":{"allow":["GET"]}}],"collection":[{"href":"https:\/\/incp.org.co\/agendatributariaincp\/wp-json\/wp\/v2\/posts"}],"about":[{"href":"https:\/\/incp.org.co\/agendatributariaincp\/wp-json\/wp\/v2\/types\/post"}],"author":[{"embeddable":true,"href":"https:\/\/incp.org.co\/agendatributariaincp\/wp-json\/wp\/v2\/users\/24468"}],"replies":[{"embeddable":true,"href":"https:\/\/incp.org.co\/agendatributariaincp\/wp-json\/wp\/v2\/comments?post=2294"}],"version-history":[{"count":1,"href":"https:\/\/incp.org.co\/agendatributariaincp\/wp-json\/wp\/v2\/posts\/2294\/revisions"}],"predecessor-version":[{"id":2295,"href":"https:\/\/incp.org.co\/agendatributariaincp\/wp-json\/wp\/v2\/posts\/2294\/revisions\/2295"}],"wp:featuredmedia":[{"embeddable":true,"href":"https:\/\/incp.org.co\/agendatributariaincp\/wp-json\/wp\/v2\/media\/2289"}],"wp:attachment":[{"href":"https:\/\/incp.org.co\/agendatributariaincp\/wp-json\/wp\/v2\/media?parent=2294"}],"wp:term":[{"taxonomy":"category","embeddable":true,"href":"https:\/\/incp.org.co\/agendatributariaincp\/wp-json\/wp\/v2\/categories?post=2294"},{"taxonomy":"post_tag","embeddable":true,"href":"https:\/\/incp.org.co\/agendatributariaincp\/wp-json\/wp\/v2\/tags?post=2294"}],"curies":[{"name":"wp","href":"https:\/\/api.w.org\/{rel}","templated":true}]}}