{"id":2304,"date":"2024-07-18T09:40:06","date_gmt":"2024-07-18T14:40:06","guid":{"rendered":"https:\/\/incp.org.co\/agendatributariaincp\/?p=2304"},"modified":"2024-07-18T09:40:08","modified_gmt":"2024-07-18T14:40:08","slug":"dian-ajusto-los-plazos-de-las-obligaciones-tributarias-por-dia-civico","status":"publish","type":"post","link":"https:\/\/incp.org.co\/agendatributariaincp\/noticias-incp\/2024\/07\/dian-ajusto-los-plazos-de-las-obligaciones-tributarias-por-dia-civico\/","title":{"rendered":"DIAN ajust\u00f3 los plazos de las obligaciones tributarias por d\u00eda c\u00edvico"},"content":{"rendered":"\n<p style=\"text-align:justify\">La Direcci\u00f3n de Impuestos y Aduanas Nacionales (DIAN) inform\u00f3, mediante un comunicado de prensa, que debido a la declaraci\u00f3n del 15 de julio como \u201cD\u00eda c\u00edvico de la convivencia y la celebraci\u00f3n deportiva\u201d modific\u00f3 los plazos para las obligaciones tributarias de este mes quedando de la siguiente manera:<\/p>\n\n\n\n<figure class=\"wp-block-table aligncenter\"><table><tbody><tr><td class=\"has-text-align-center\" data-align=\"center\"><strong>Obligaci\u00f3n<\/strong><\/td><td class=\"has-text-align-center\" data-align=\"center\"><strong>\u00daltimo d\u00edgito NIT<\/strong><\/td><td class=\"has-text-align-center\" data-align=\"center\"><strong>Plazo establecido<\/strong><\/td><td class=\"has-text-align-center\" data-align=\"center\"><strong>Nuevo plazo<\/strong><\/td><\/tr><tr><td class=\"has-text-align-center\" data-align=\"center\" rowspan=\"7\">&nbsp; <br><br>&#8211; Pago segunda cuota renta personas jur\u00eddicas<br>&#8211; Impuesto sobre las ventas IVA (bimestral)<br>&#8211; Retenci\u00f3n en la fuente<br>&#8211; Impuesto nacional al consumo<br>&#8211; Declaraci\u00f3n y pago anticipo bimestral del R\u00e9gimen Simple de Tributaci\u00f3n (RST)<\/td><td class=\"has-text-align-center\" data-align=\"center\">4<\/td><td class=\"has-text-align-center\" data-align=\"center\">15 de julio<\/td><td class=\"has-text-align-center\" data-align=\"center\">16 de julio<\/td><\/tr><tr><td class=\"has-text-align-center\" data-align=\"center\">5<\/td><td class=\"has-text-align-center\" data-align=\"center\">16 de julio<\/td><td class=\"has-text-align-center\" data-align=\"center\">17 de julio<\/td><\/tr><tr><td class=\"has-text-align-center\" data-align=\"center\">6<\/td><td class=\"has-text-align-center\" data-align=\"center\">17 de julio<\/td><td class=\"has-text-align-center\" data-align=\"center\">18 de julio<\/td><\/tr><tr><td class=\"has-text-align-center\" data-align=\"center\">7<\/td><td class=\"has-text-align-center\" data-align=\"center\">18 de julio<\/td><td class=\"has-text-align-center\" data-align=\"center\">19 de julio<\/td><\/tr><tr><td class=\"has-text-align-center\" data-align=\"center\">8<\/td><td class=\"has-text-align-center\" data-align=\"center\">19 de julio<\/td><td class=\"has-text-align-center\" data-align=\"center\">22 de julio<\/td><\/tr><tr><td class=\"has-text-align-center\" data-align=\"center\">9<\/td><td class=\"has-text-align-center\" data-align=\"center\">22 de julio<\/td><td class=\"has-text-align-center\" data-align=\"center\">23 de julio<\/td><\/tr><tr><td class=\"has-text-align-center\" data-align=\"center\">0<\/td><td class=\"has-text-align-center\" data-align=\"center\">23 de julio<\/td><td class=\"has-text-align-center\" data-align=\"center\">24 de julio<\/td><\/tr><\/tbody><\/table><\/figure>\n\n\n\n<p style=\"text-align:justify\">Para m\u00e1s informaci\u00f3n, consulte el documento adjunto.<\/p>\n\n\n\n<p style=\"text-align:justify\">Ver: <a href=\"https:\/\/incp.org.co\/agendatributariaincp\/wp-content\/uploads\/2024\/07\/Comunicado-de-presa-ajuste-plazos-julio-\u2013-DIAN.pdf\">Comunicado de presa ajuste plazos julio \u2013 DIAN<\/a><\/p>\n\n\n\n<p><strong>Redacci\u00f3n INCP<\/strong><\/p>\n","protected":false},"excerpt":{"rendered":"<p>La Direcci\u00f3n de Impuestos y Aduanas Nacionales (DIAN) inform\u00f3, mediante un comunicado de prensa, que debido a la declaraci\u00f3n del 15 de julio como \u201cD\u00eda c\u00edvico de la convivencia y la celebraci\u00f3n deportiva\u201d modific\u00f3 los plazos para las obligaciones tributarias de este mes quedando de la siguiente manera: Obligaci\u00f3n \u00daltimo d\u00edgito NIT Plazo establecido Nuevo&hellip; <br \/> <a class=\"read-more\" href=\"https:\/\/incp.org.co\/agendatributariaincp\/noticias-incp\/2024\/07\/dian-ajusto-los-plazos-de-las-obligaciones-tributarias-por-dia-civico\/\">Read more<\/a><\/p>\n","protected":false},"author":24468,"featured_media":2298,"comment_status":"open","ping_status":"open","sticky":false,"template":"","format":"standard","meta":{"footnotes":""},"categories":[13],"tags":[],"class_list":["post-2304","post","type-post","status-publish","format-standard","has-post-thumbnail","hentry","category-noticias"],"_links":{"self":[{"href":"https:\/\/incp.org.co\/agendatributariaincp\/wp-json\/wp\/v2\/posts\/2304","targetHints":{"allow":["GET"]}}],"collection":[{"href":"https:\/\/incp.org.co\/agendatributariaincp\/wp-json\/wp\/v2\/posts"}],"about":[{"href":"https:\/\/incp.org.co\/agendatributariaincp\/wp-json\/wp\/v2\/types\/post"}],"author":[{"embeddable":true,"href":"https:\/\/incp.org.co\/agendatributariaincp\/wp-json\/wp\/v2\/users\/24468"}],"replies":[{"embeddable":true,"href":"https:\/\/incp.org.co\/agendatributariaincp\/wp-json\/wp\/v2\/comments?post=2304"}],"version-history":[{"count":1,"href":"https:\/\/incp.org.co\/agendatributariaincp\/wp-json\/wp\/v2\/posts\/2304\/revisions"}],"predecessor-version":[{"id":2305,"href":"https:\/\/incp.org.co\/agendatributariaincp\/wp-json\/wp\/v2\/posts\/2304\/revisions\/2305"}],"wp:featuredmedia":[{"embeddable":true,"href":"https:\/\/incp.org.co\/agendatributariaincp\/wp-json\/wp\/v2\/media\/2298"}],"wp:attachment":[{"href":"https:\/\/incp.org.co\/agendatributariaincp\/wp-json\/wp\/v2\/media?parent=2304"}],"wp:term":[{"taxonomy":"category","embeddable":true,"href":"https:\/\/incp.org.co\/agendatributariaincp\/wp-json\/wp\/v2\/categories?post=2304"},{"taxonomy":"post_tag","embeddable":true,"href":"https:\/\/incp.org.co\/agendatributariaincp\/wp-json\/wp\/v2\/tags?post=2304"}],"curies":[{"name":"wp","href":"https:\/\/api.w.org\/{rel}","templated":true}]}}