{"id":2343,"date":"2024-08-05T11:06:59","date_gmt":"2024-08-05T16:06:59","guid":{"rendered":"https:\/\/incp.org.co\/agendatributariaincp\/?p=2343"},"modified":"2024-08-05T11:07:01","modified_gmt":"2024-08-05T16:07:01","slug":"nuevo-pronunciamiento-de-la-dian-sobre-la-obligacion-de-facturar","status":"publish","type":"post","link":"https:\/\/incp.org.co\/agendatributariaincp\/noticias-incp\/2024\/08\/nuevo-pronunciamiento-de-la-dian-sobre-la-obligacion-de-facturar\/","title":{"rendered":"Nuevo pronunciamiento de la DIAN sobre la obligaci\u00f3n de facturar"},"content":{"rendered":"\n<p style=\"text-align:justify\">La Direcci\u00f3n de Impuestos y Aduanas Nacionales (DIAN) public\u00f3 el Concepto No. 440 del 13 de junio de 2024, en el cual absolvi\u00f3 la siguiente consulta y realiz\u00f3 una adici\u00f3n a su concepto unificado sobre la obligaci\u00f3n de facturar y sistema de facturaci\u00f3n electr\u00f3nica:<\/p>\n\n\n\n<p style=\"text-align:justify\"><strong>\u00bfLos comerciantes se encuentran en la obligaci\u00f3n de expedir factura de venta o documento equivalente en todos los casos que realicen operaciones de venta y\/o prestaci\u00f3n de servicios?<\/strong><\/p>\n\n\n\n<p style=\"text-align:justify\">En primera medida, la DIAN afirm\u00f3 que todas las personas que vendan o presten servicios no exceptuados expresamente en el art\u00edculo 616-2 del Estatuto Tributario (E.T.) o en los art\u00edculos 1.6.1.4.3. del Decreto 1625 de 2016 y 8 de la Resoluci\u00f3n 000165 de 2023, deben expedir factura de venta o documento equivalente. As\u00ed pues, las entidades o personas con calidad de comerciantes se encuentran en la obligaci\u00f3n de expedir factura de venta o documento equivalente en virtud de lo dispuesto en el inciso 1 de art\u00edculo 615 de E.T.<\/p>\n\n\n\n<p style=\"text-align:justify\">Sin embargo, en virtud de lo contemplado en el numeral 3 del art\u00edculo 1.6.1.4.2. del Decreto 1625 de 2016 y el numeral 3 del art\u00edculo 7 de la Resoluci\u00f3n 000165 de 2023, si los comerciantes tienen la calidad de no responsables del impuesto sobre las ventas (IVA) o del impuesto nacional al consumo de restaurantes y bares, o se encuentran dentro de las excepciones se\u00f1aladas en el art\u00edculo 8 de la mencionada resoluci\u00f3n, no tienen la obligaci\u00f3n de expedir factura de venta o documento equivalente.<\/p>\n\n\n\n<p>Para m\u00e1s informaci\u00f3n, consulte el documento adjunto.<\/p>\n\n\n\n<p>Ver: <a href=\"https:\/\/incp.org.co\/agendatributariaincp\/wp-content\/uploads\/2024\/08\/Concepto-No.-440-del-13-de-junio-de-2024-\u2013-DIAN.pdf\">Concepto No. 440 del 13 de junio de 2024 \u2013 DIAN<\/a><\/p>\n\n\n\n<p><strong>Redacci\u00f3n INCP<\/strong><\/p>\n","protected":false},"excerpt":{"rendered":"<p>La Direcci\u00f3n de Impuestos y Aduanas Nacionales (DIAN) public\u00f3 el Concepto No. 440 del 13 de junio de 2024, en el cual absolvi\u00f3 la siguiente consulta y realiz\u00f3 una adici\u00f3n a su concepto unificado sobre la obligaci\u00f3n de facturar y sistema de facturaci\u00f3n electr\u00f3nica: \u00bfLos comerciantes se encuentran en la obligaci\u00f3n de expedir factura de&hellip; <br \/> <a class=\"read-more\" href=\"https:\/\/incp.org.co\/agendatributariaincp\/noticias-incp\/2024\/08\/nuevo-pronunciamiento-de-la-dian-sobre-la-obligacion-de-facturar\/\">Read more<\/a><\/p>\n","protected":false},"author":24468,"featured_media":2345,"comment_status":"open","ping_status":"open","sticky":false,"template":"","format":"standard","meta":{"footnotes":""},"categories":[13],"tags":[],"class_list":["post-2343","post","type-post","status-publish","format-standard","has-post-thumbnail","hentry","category-noticias"],"_links":{"self":[{"href":"https:\/\/incp.org.co\/agendatributariaincp\/wp-json\/wp\/v2\/posts\/2343","targetHints":{"allow":["GET"]}}],"collection":[{"href":"https:\/\/incp.org.co\/agendatributariaincp\/wp-json\/wp\/v2\/posts"}],"about":[{"href":"https:\/\/incp.org.co\/agendatributariaincp\/wp-json\/wp\/v2\/types\/post"}],"author":[{"embeddable":true,"href":"https:\/\/incp.org.co\/agendatributariaincp\/wp-json\/wp\/v2\/users\/24468"}],"replies":[{"embeddable":true,"href":"https:\/\/incp.org.co\/agendatributariaincp\/wp-json\/wp\/v2\/comments?post=2343"}],"version-history":[{"count":1,"href":"https:\/\/incp.org.co\/agendatributariaincp\/wp-json\/wp\/v2\/posts\/2343\/revisions"}],"predecessor-version":[{"id":2356,"href":"https:\/\/incp.org.co\/agendatributariaincp\/wp-json\/wp\/v2\/posts\/2343\/revisions\/2356"}],"wp:featuredmedia":[{"embeddable":true,"href":"https:\/\/incp.org.co\/agendatributariaincp\/wp-json\/wp\/v2\/media\/2345"}],"wp:attachment":[{"href":"https:\/\/incp.org.co\/agendatributariaincp\/wp-json\/wp\/v2\/media?parent=2343"}],"wp:term":[{"taxonomy":"category","embeddable":true,"href":"https:\/\/incp.org.co\/agendatributariaincp\/wp-json\/wp\/v2\/categories?post=2343"},{"taxonomy":"post_tag","embeddable":true,"href":"https:\/\/incp.org.co\/agendatributariaincp\/wp-json\/wp\/v2\/tags?post=2343"}],"curies":[{"name":"wp","href":"https:\/\/api.w.org\/{rel}","templated":true}]}}