{"id":2367,"date":"2024-08-08T10:19:04","date_gmt":"2024-08-08T15:19:04","guid":{"rendered":"https:\/\/incp.org.co\/agendatributariaincp\/?p=2367"},"modified":"2024-08-08T10:19:05","modified_gmt":"2024-08-08T15:19:05","slug":"se-radico-un-proyecto-de-ley-para-eximir-de-iva-a-la-cop16","status":"publish","type":"post","link":"https:\/\/incp.org.co\/agendatributariaincp\/noticias-incp\/2024\/08\/se-radico-un-proyecto-de-ley-para-eximir-de-iva-a-la-cop16\/","title":{"rendered":"Se radic\u00f3 un proyecto de ley para eximir de IVA a la COP16"},"content":{"rendered":"\n<p style=\"text-align:justify\">El Ministerio de Ambiente y Desarrollo Sostenible ha anunciado la radicaci\u00f3n de un proyecto de ley, con mensaje de urgencia, ante el Congreso de la Rep\u00fablica para eximir a la COP16 del impuesto al valor agregado (IVA). Esta iniciativa le permitir\u00eda al pa\u00eds ahorrar recursos p\u00fablicos en la organizaci\u00f3n de la cumbre mundial de biodiversidad.<\/p>\n\n\n\n<p style=\"text-align:justify\">Actualmente, est\u00e1n en ejecuci\u00f3n cuatro contratos principales relacionados con las zonas verde y azul, comunicaciones y operador log\u00edstico. De aprobarse este proyecto, se estima que el ahorro para el presupuesto de la COP16 superar\u00eda los 20.000 millones de pesos.<\/p>\n\n\n\n<p style=\"text-align:justify\">La ministra de Ambiente y Desarrollo Sostenible, Susana Muhamad, destac\u00f3 que \u201ceste proyecto le ahorrar\u00eda al presupuesto de la COP16 y al pa\u00eds m\u00e1s de 20.000 millones de pesos, aproximadamente. Presentarlo es un compromiso del comit\u00e9 organizador de la COP16\u201d. Muhamad tambi\u00e9n se\u00f1al\u00f3 que exenciones similares se han aplicado en <a href=\"https:\/\/incp.org.co\/publicaciones\/infoincp-publicaciones\/impuestos\/nacionales\/2024\/04\/estas-son-las-exenciones-tributarias-para-el-mundial-femenino-sub-20\/\">eventos anteriores<\/a>, tales como campeonatos de f\u00fatbol.<\/p>\n\n\n\n<p><strong>Redacci\u00f3n INCP<\/strong><\/p>\n","protected":false},"excerpt":{"rendered":"<p>El Ministerio de Ambiente y Desarrollo Sostenible ha anunciado la radicaci\u00f3n de un proyecto de ley, con mensaje de urgencia, ante el Congreso de la Rep\u00fablica para eximir a la COP16 del impuesto al valor agregado (IVA). Esta iniciativa le permitir\u00eda al pa\u00eds ahorrar recursos p\u00fablicos en la organizaci\u00f3n de la cumbre mundial de biodiversidad.&hellip; <br \/> <a class=\"read-more\" href=\"https:\/\/incp.org.co\/agendatributariaincp\/noticias-incp\/2024\/08\/se-radico-un-proyecto-de-ley-para-eximir-de-iva-a-la-cop16\/\">Read more<\/a><\/p>\n","protected":false},"author":24468,"featured_media":2371,"comment_status":"open","ping_status":"open","sticky":false,"template":"","format":"standard","meta":{"footnotes":""},"categories":[13],"tags":[],"class_list":["post-2367","post","type-post","status-publish","format-standard","has-post-thumbnail","hentry","category-noticias"],"_links":{"self":[{"href":"https:\/\/incp.org.co\/agendatributariaincp\/wp-json\/wp\/v2\/posts\/2367","targetHints":{"allow":["GET"]}}],"collection":[{"href":"https:\/\/incp.org.co\/agendatributariaincp\/wp-json\/wp\/v2\/posts"}],"about":[{"href":"https:\/\/incp.org.co\/agendatributariaincp\/wp-json\/wp\/v2\/types\/post"}],"author":[{"embeddable":true,"href":"https:\/\/incp.org.co\/agendatributariaincp\/wp-json\/wp\/v2\/users\/24468"}],"replies":[{"embeddable":true,"href":"https:\/\/incp.org.co\/agendatributariaincp\/wp-json\/wp\/v2\/comments?post=2367"}],"version-history":[{"count":1,"href":"https:\/\/incp.org.co\/agendatributariaincp\/wp-json\/wp\/v2\/posts\/2367\/revisions"}],"predecessor-version":[{"id":2373,"href":"https:\/\/incp.org.co\/agendatributariaincp\/wp-json\/wp\/v2\/posts\/2367\/revisions\/2373"}],"wp:featuredmedia":[{"embeddable":true,"href":"https:\/\/incp.org.co\/agendatributariaincp\/wp-json\/wp\/v2\/media\/2371"}],"wp:attachment":[{"href":"https:\/\/incp.org.co\/agendatributariaincp\/wp-json\/wp\/v2\/media?parent=2367"}],"wp:term":[{"taxonomy":"category","embeddable":true,"href":"https:\/\/incp.org.co\/agendatributariaincp\/wp-json\/wp\/v2\/categories?post=2367"},{"taxonomy":"post_tag","embeddable":true,"href":"https:\/\/incp.org.co\/agendatributariaincp\/wp-json\/wp\/v2\/tags?post=2367"}],"curies":[{"name":"wp","href":"https:\/\/api.w.org\/{rel}","templated":true}]}}