{"id":2378,"date":"2024-08-09T11:36:11","date_gmt":"2024-08-09T16:36:11","guid":{"rendered":"https:\/\/incp.org.co\/agendatributariaincp\/?p=2378"},"modified":"2024-08-09T11:36:16","modified_gmt":"2024-08-09T16:36:16","slug":"las-declaraciones-se-pueden-corregir-en-un-plazo-maximo-de-3-anos","status":"publish","type":"post","link":"https:\/\/incp.org.co\/agendatributariaincp\/noticias-incp\/2024\/08\/las-declaraciones-se-pueden-corregir-en-un-plazo-maximo-de-3-anos\/","title":{"rendered":"\u00a1Las declaraciones se pueden corregir en un plazo m\u00e1ximo de 3 a\u00f1os!"},"content":{"rendered":"\n<p style=\"text-align:justify\">La Direcci\u00f3n de Impuestos y Aduanas Nacionales (DIAN) public\u00f3 el Concepto No. 470 del 21 de junio de 2024, en el cual absolvi\u00f3 la siguiente consulta:<\/p>\n\n\n\n<p style=\"text-align:justify\"><strong>\u00bfA partir de qu\u00e9 momento se debe contabilizar el t\u00e9rmino de firmeza de una declaraci\u00f3n presentada en virtud de lo contemplado en el par\u00e1grafo 2 del art\u00edculo 580 del Estatuto Tributario (E.T.)?<\/strong><\/p>\n\n\n\n<p style=\"text-align:justify\">En primera medida, la DIAN record\u00f3 que el art\u00edculo 580 del E.T. establece que no se entender\u00e1 cumplido el deber de presentar la declaraci\u00f3n tributaria, en los siguientes casos:<\/p>\n\n\n\n<ol class=\"wp-block-list\" style=\"list-style-type:lower-alpha\">\n<li>Cuando la declaraci\u00f3n no se presente en los lugares se\u00f1alados para tal efecto.<\/li>\n\n\n\n<li>Cuando no se suministre la identificaci\u00f3n del declarante o se haga de forma equivocada.<\/li>\n\n\n\n<li>Cuando no contenga los factores necesarios para identificar las bases gravables.<\/li>\n\n\n\n<li style=\"text-align:justify\">Cuando no se presente firmada por quien deba cumplir el deber formal de declarar; o cuando se omita la firma del contador p\u00fablico o revisor fiscal existiendo la obligaci\u00f3n legal.<\/li>\n<\/ol>\n\n\n\n<p style=\"text-align:justify\">Seg\u00fan la DIAN, el hecho de que la declaraci\u00f3n se tenga como no presentada implica la imposici\u00f3n de la sanci\u00f3n por no declarar establecida en el art\u00edculo 641 del E.T. Sin embargo, la norma dispone que las inconsistencias referidas en los literales <em>a)<\/em>, <em>b)<\/em> y <em>d)<\/em> anteriormente mencionados, pueden corregirse presentando la declaraci\u00f3n adecuada dentro de los 3 a\u00f1os siguientes a la declaraci\u00f3n inicial, liquidando una sanci\u00f3n equivalente al 2&nbsp;% del mayor valor a pagar o del menor salgo a favor, de acuerdo con establecido en el art\u00edculo 641 del E.T., sin que exceda las 1.300 unidades de valor tributario (UVT). Es de aclarar que lo anterior es posible, siempre y cuando no se haya notificado sanci\u00f3n por no declarar.<\/p>\n\n\n\n<p style=\"text-align:justify\">Finalmente, la administraci\u00f3n tributaria precis\u00f3 que el t\u00e9rmino de firmeza comenzar\u00e1 a contarse desde la fecha en que se subsanen las inconsistencias correspondientes. Para m\u00e1s informaci\u00f3n, consulte el documento adjunto.<\/p>\n\n\n\n<p>Ver: <a href=\"https:\/\/incp.org.co\/agendatributariaincp\/wp-content\/uploads\/2024\/08\/Concepto-No.-470-del-21-de-junio-de-2024-DIAN.pdf\">Concepto No. 470 de 2024 &#8211; DIAN<\/a><\/p>\n\n\n\n<p><strong>Redacci\u00f3n INCP<\/strong><\/p>\n","protected":false},"excerpt":{"rendered":"<p>La Direcci\u00f3n de Impuestos y Aduanas Nacionales (DIAN) public\u00f3 el Concepto No. 470 del 21 de junio de 2024, en el cual absolvi\u00f3 la siguiente consulta: \u00bfA partir de qu\u00e9 momento se debe contabilizar el t\u00e9rmino de firmeza de una declaraci\u00f3n presentada en virtud de lo contemplado en el par\u00e1grafo 2 del art\u00edculo 580 del&hellip; <br \/> <a class=\"read-more\" href=\"https:\/\/incp.org.co\/agendatributariaincp\/noticias-incp\/2024\/08\/las-declaraciones-se-pueden-corregir-en-un-plazo-maximo-de-3-anos\/\">Read more<\/a><\/p>\n","protected":false},"author":24468,"featured_media":2382,"comment_status":"open","ping_status":"open","sticky":false,"template":"","format":"standard","meta":{"footnotes":""},"categories":[13],"tags":[],"class_list":["post-2378","post","type-post","status-publish","format-standard","has-post-thumbnail","hentry","category-noticias"],"_links":{"self":[{"href":"https:\/\/incp.org.co\/agendatributariaincp\/wp-json\/wp\/v2\/posts\/2378","targetHints":{"allow":["GET"]}}],"collection":[{"href":"https:\/\/incp.org.co\/agendatributariaincp\/wp-json\/wp\/v2\/posts"}],"about":[{"href":"https:\/\/incp.org.co\/agendatributariaincp\/wp-json\/wp\/v2\/types\/post"}],"author":[{"embeddable":true,"href":"https:\/\/incp.org.co\/agendatributariaincp\/wp-json\/wp\/v2\/users\/24468"}],"replies":[{"embeddable":true,"href":"https:\/\/incp.org.co\/agendatributariaincp\/wp-json\/wp\/v2\/comments?post=2378"}],"version-history":[{"count":1,"href":"https:\/\/incp.org.co\/agendatributariaincp\/wp-json\/wp\/v2\/posts\/2378\/revisions"}],"predecessor-version":[{"id":2383,"href":"https:\/\/incp.org.co\/agendatributariaincp\/wp-json\/wp\/v2\/posts\/2378\/revisions\/2383"}],"wp:featuredmedia":[{"embeddable":true,"href":"https:\/\/incp.org.co\/agendatributariaincp\/wp-json\/wp\/v2\/media\/2382"}],"wp:attachment":[{"href":"https:\/\/incp.org.co\/agendatributariaincp\/wp-json\/wp\/v2\/media?parent=2378"}],"wp:term":[{"taxonomy":"category","embeddable":true,"href":"https:\/\/incp.org.co\/agendatributariaincp\/wp-json\/wp\/v2\/categories?post=2378"},{"taxonomy":"post_tag","embeddable":true,"href":"https:\/\/incp.org.co\/agendatributariaincp\/wp-json\/wp\/v2\/tags?post=2378"}],"curies":[{"name":"wp","href":"https:\/\/api.w.org\/{rel}","templated":true}]}}