{"id":2391,"date":"2024-08-12T10:35:10","date_gmt":"2024-08-12T15:35:10","guid":{"rendered":"https:\/\/incp.org.co\/agendatributariaincp\/?p=2391"},"modified":"2024-08-12T10:35:21","modified_gmt":"2024-08-12T15:35:21","slug":"inician-los-vencimientos-para-la-declaracion-de-renta-de-las-personas-naturales-quienes-estan-obligados","status":"publish","type":"post","link":"https:\/\/incp.org.co\/agendatributariaincp\/noticias-incp\/2024\/08\/inician-los-vencimientos-para-la-declaracion-de-renta-de-las-personas-naturales-quienes-estan-obligados\/","title":{"rendered":"Inician los vencimientos para la declaraci\u00f3n de renta de las personas naturales: \u00bfqui\u00e9nes est\u00e1n obligados?"},"content":{"rendered":"\n<p style=\"text-align:justify\">Hoy, lunes 12 de agosto de 2024, inician los vencimientos para la declaraci\u00f3n y pago del impuesto sobre la renta y complementarios por parte de las personas naturales, correspondiente al a\u00f1o gravable 2023.<\/p>\n\n\n\n<p><strong>\u00bfQui\u00e9nes est\u00e1n obligados?<\/strong><\/p>\n\n\n\n<p style=\"text-align:justify\">De acuerdo con el Decreto 2220 de 2023, las personas naturales obligadas a presentar la declaraci\u00f3n de renta por el a\u00f1o gravable 2023 ser\u00e1n quienes hayan cumplido una o m\u00e1s de las siguientes condiciones a corte del 31 de diciembre de 2023:<\/p>\n\n\n\n<ol class=\"wp-block-list\">\n<li>Poseer un patrimonio bruto superior a $190.854.000 (4.500 unidades de valor tributario (UVT)).<\/li>\n\n\n\n<li>Haber obtenido ingresos brutos iguales o superiores a $59.377.000 (1.400 UVT).<\/li>\n\n\n\n<li>Haber realizado compras y consumos totales superiores a $59.377.000 (1.400 UVT).<\/li>\n\n\n\n<li>Haber realizado consumo con tarjetas de cr\u00e9dito superiores a $59.377.000 (1.400 UVT).<\/li>\n\n\n\n<li>Haber realizado consignaciones bancarias, dep\u00f3sitos o inversiones financieras totales superiores a $59.377.000 (1.400 UVT).<\/li>\n<\/ol>\n\n\n\n<p>Para m\u00e1s informaci\u00f3n sobre la declaraci\u00f3n de renta de personas naturales de clic <a href=\"https:\/\/incp.org.co\/publicaciones\/boletin-virtual\/contenido-de-interes-profesional-boletin-virtual\/tributario\/2024\/05\/preguntas-sobre-la-declaracion-de-renta-de-personas-naturales-que-todo-contador-debe-saber-responder\/\">aqu\u00ed<\/a>.<\/p>\n\n\n\n<p style=\"text-align:justify\">Recuerde que la fecha de plazo para la presentaci\u00f3n de este impuesto depende de los dos \u00faltimos d\u00edgitos del N\u00famero de Identificaci\u00f3n Tributaria (NIT). Para m\u00e1s detalles, consulte el Calendario Tributario INCP 2024 <a href=\"https:\/\/incp.org.co\/agendatributariaincp\/calendario-tributario\/2024\/01\/calendario-tributario-2024\/\">aqu\u00ed<\/a>.<\/p>\n\n\n\n<p style=\"text-align:justify\">Contenido relacionado: <a href=\"https:\/\/incp.org.co\/publicaciones\/boletin-virtual\/impuestos\/nacionales\/2024\/07\/por-que-es-importante-que-un-contador-publico-asesore-a-las-personas-naturales-en-la-presentacion-de-sus-declaraciones-de-renta\/\"><strong>\u00bfPor qu\u00e9 es importante que un contador p\u00fablico asesore a las personas naturales en la presentaci\u00f3n de sus declaraciones de renta?<\/strong><\/a><\/p>\n\n\n\n<p><strong>Redacci\u00f3n INCP<\/strong><\/p>\n","protected":false},"excerpt":{"rendered":"<p>Hoy, lunes 12 de agosto de 2024, inician los vencimientos para la declaraci\u00f3n y pago del impuesto sobre la renta y complementarios por parte de las personas naturales, correspondiente al a\u00f1o gravable 2023. \u00bfQui\u00e9nes est\u00e1n obligados? De acuerdo con el Decreto 2220 de 2023, las personas naturales obligadas a presentar la declaraci\u00f3n de renta por&hellip; <br \/> <a class=\"read-more\" href=\"https:\/\/incp.org.co\/agendatributariaincp\/noticias-incp\/2024\/08\/inician-los-vencimientos-para-la-declaracion-de-renta-de-las-personas-naturales-quienes-estan-obligados\/\">Read more<\/a><\/p>\n","protected":false},"author":24468,"featured_media":2387,"comment_status":"open","ping_status":"open","sticky":false,"template":"","format":"standard","meta":{"footnotes":""},"categories":[13],"tags":[],"class_list":["post-2391","post","type-post","status-publish","format-standard","has-post-thumbnail","hentry","category-noticias"],"_links":{"self":[{"href":"https:\/\/incp.org.co\/agendatributariaincp\/wp-json\/wp\/v2\/posts\/2391","targetHints":{"allow":["GET"]}}],"collection":[{"href":"https:\/\/incp.org.co\/agendatributariaincp\/wp-json\/wp\/v2\/posts"}],"about":[{"href":"https:\/\/incp.org.co\/agendatributariaincp\/wp-json\/wp\/v2\/types\/post"}],"author":[{"embeddable":true,"href":"https:\/\/incp.org.co\/agendatributariaincp\/wp-json\/wp\/v2\/users\/24468"}],"replies":[{"embeddable":true,"href":"https:\/\/incp.org.co\/agendatributariaincp\/wp-json\/wp\/v2\/comments?post=2391"}],"version-history":[{"count":1,"href":"https:\/\/incp.org.co\/agendatributariaincp\/wp-json\/wp\/v2\/posts\/2391\/revisions"}],"predecessor-version":[{"id":2392,"href":"https:\/\/incp.org.co\/agendatributariaincp\/wp-json\/wp\/v2\/posts\/2391\/revisions\/2392"}],"wp:featuredmedia":[{"embeddable":true,"href":"https:\/\/incp.org.co\/agendatributariaincp\/wp-json\/wp\/v2\/media\/2387"}],"wp:attachment":[{"href":"https:\/\/incp.org.co\/agendatributariaincp\/wp-json\/wp\/v2\/media?parent=2391"}],"wp:term":[{"taxonomy":"category","embeddable":true,"href":"https:\/\/incp.org.co\/agendatributariaincp\/wp-json\/wp\/v2\/categories?post=2391"},{"taxonomy":"post_tag","embeddable":true,"href":"https:\/\/incp.org.co\/agendatributariaincp\/wp-json\/wp\/v2\/tags?post=2391"}],"curies":[{"name":"wp","href":"https:\/\/api.w.org\/{rel}","templated":true}]}}