{"id":2402,"date":"2024-08-14T15:02:39","date_gmt":"2024-08-14T20:02:39","guid":{"rendered":"https:\/\/incp.org.co\/agendatributariaincp\/?p=2402"},"modified":"2024-08-14T15:02:46","modified_gmt":"2024-08-14T20:02:46","slug":"ya-esta-disponible-el-prevalidador-del-reporte-de-conciliacion-fiscal-para-personas-naturales","status":"publish","type":"post","link":"https:\/\/incp.org.co\/agendatributariaincp\/noticias-incp\/2024\/08\/ya-esta-disponible-el-prevalidador-del-reporte-de-conciliacion-fiscal-para-personas-naturales\/","title":{"rendered":"Ya est\u00e1 disponible el prevalidador del reporte de conciliaci\u00f3n fiscal para personas naturales"},"content":{"rendered":"\n<p style=\"text-align:justify\">La Direcci\u00f3n de Impuestos y Aduanas Nacionales (DIAN) inform\u00f3 que ya se encuentra disponible el prevalidador del Reporte de Conciliaci\u00f3n Fiscal (2517v6 A\u00f1o Gravable 2023 V.1.0.2-2024 Anexo Formulario 210).<\/p>\n\n\n\n<p style=\"text-align:justify\">Recordemos que este prevalidador deber\u00e1 ser diligenciado y presentado a trav\u00e9s de los servicios digitales de la entidad por los contribuyentes del impuesto de renta y complementarios obligados a llevar contabilidad, o quienes de manera voluntaria decidan llevarla, cuyos ingresos brutos fiscales obtenidos en el periodo gravable objeto de conciliaci\u00f3n sean iguales o superiores a 45.000 unidades de valor tributario (UVT).<\/p>\n\n\n\n<p>Usted puede descargar el prevalidador haciendo clic <a href=\"https:\/\/www.dian.gov.co\/Transaccional\/Paginas\/Prevalidadores.aspx\">aqu\u00ed<\/a>.<\/p>\n\n\n\n<p><strong>Redacci\u00f3n INCP<\/strong><\/p>\n","protected":false},"excerpt":{"rendered":"<p>La Direcci\u00f3n de Impuestos y Aduanas Nacionales (DIAN) inform\u00f3 que ya se encuentra disponible el prevalidador del Reporte de Conciliaci\u00f3n Fiscal (2517v6 A\u00f1o Gravable 2023 V.1.0.2-2024 Anexo Formulario 210). Recordemos que este prevalidador deber\u00e1 ser diligenciado y presentado a trav\u00e9s de los servicios digitales de la entidad por los contribuyentes del impuesto de renta y&hellip; <br \/> <a class=\"read-more\" href=\"https:\/\/incp.org.co\/agendatributariaincp\/noticias-incp\/2024\/08\/ya-esta-disponible-el-prevalidador-del-reporte-de-conciliacion-fiscal-para-personas-naturales\/\">Read more<\/a><\/p>\n","protected":false},"author":24468,"featured_media":2398,"comment_status":"open","ping_status":"open","sticky":false,"template":"","format":"standard","meta":{"footnotes":""},"categories":[13],"tags":[],"class_list":["post-2402","post","type-post","status-publish","format-standard","has-post-thumbnail","hentry","category-noticias"],"_links":{"self":[{"href":"https:\/\/incp.org.co\/agendatributariaincp\/wp-json\/wp\/v2\/posts\/2402","targetHints":{"allow":["GET"]}}],"collection":[{"href":"https:\/\/incp.org.co\/agendatributariaincp\/wp-json\/wp\/v2\/posts"}],"about":[{"href":"https:\/\/incp.org.co\/agendatributariaincp\/wp-json\/wp\/v2\/types\/post"}],"author":[{"embeddable":true,"href":"https:\/\/incp.org.co\/agendatributariaincp\/wp-json\/wp\/v2\/users\/24468"}],"replies":[{"embeddable":true,"href":"https:\/\/incp.org.co\/agendatributariaincp\/wp-json\/wp\/v2\/comments?post=2402"}],"version-history":[{"count":1,"href":"https:\/\/incp.org.co\/agendatributariaincp\/wp-json\/wp\/v2\/posts\/2402\/revisions"}],"predecessor-version":[{"id":2403,"href":"https:\/\/incp.org.co\/agendatributariaincp\/wp-json\/wp\/v2\/posts\/2402\/revisions\/2403"}],"wp:featuredmedia":[{"embeddable":true,"href":"https:\/\/incp.org.co\/agendatributariaincp\/wp-json\/wp\/v2\/media\/2398"}],"wp:attachment":[{"href":"https:\/\/incp.org.co\/agendatributariaincp\/wp-json\/wp\/v2\/media?parent=2402"}],"wp:term":[{"taxonomy":"category","embeddable":true,"href":"https:\/\/incp.org.co\/agendatributariaincp\/wp-json\/wp\/v2\/categories?post=2402"},{"taxonomy":"post_tag","embeddable":true,"href":"https:\/\/incp.org.co\/agendatributariaincp\/wp-json\/wp\/v2\/tags?post=2402"}],"curies":[{"name":"wp","href":"https:\/\/api.w.org\/{rel}","templated":true}]}}