{"id":2408,"date":"2024-08-21T10:00:42","date_gmt":"2024-08-21T15:00:42","guid":{"rendered":"https:\/\/incp.org.co\/agendatributariaincp\/?p=2408"},"modified":"2024-08-21T10:00:43","modified_gmt":"2024-08-21T15:00:43","slug":"se-armonizo-normatividad-tributaria-para-familias-con-hijos-dependientes-o-en-condicion-de-discapacidad","status":"publish","type":"post","link":"https:\/\/incp.org.co\/agendatributariaincp\/noticias-incp\/2024\/08\/se-armonizo-normatividad-tributaria-para-familias-con-hijos-dependientes-o-en-condicion-de-discapacidad\/","title":{"rendered":"Se armoniz\u00f3 normatividad tributaria para familias con hijos dependientes o en condici\u00f3n de discapacidad"},"content":{"rendered":"\n<p style=\"text-align:justify\">El Ministerio de Hacienda y Cr\u00e9dito P\u00fablico (MinHacienda) emiti\u00f3 la Ley 2411 del 8 de agosto de 2024* para armonizar las disposiciones legales y jurisprudenciales contenidas en el par\u00e1grafo 2 del art\u00edculo 387 del Estatuto Tributario (E.T.), las cuales definen los sujetos que tendr\u00e1n calidad de dependientes para efectos de la deducci\u00f3n de la base de retenci\u00f3n del impuesto sobre la renta.<\/p>\n\n\n\n<p>En este sentido, se modificaron los numerales 2 y 3 del par\u00e1grafo 2 del art\u00edculo 387 del E.T. as\u00ed:<\/p>\n\n\n\n<figure class=\"wp-block-table\"><table><tbody><tr><td style=\"text-align:center\"><strong>Anterior art\u00edculo 387 del E.T.<\/strong><\/td><td style=\"text-align:center\"><strong>Nueva Ley 2411 de 2024<\/strong><\/td><\/tr><tr><td style=\"text-align:justify\">2. Los hijos del contribuyente con edad entre 18 y 23 a\u00f1os, cuando el padre o madre contribuyente persona natural se encuentre financiando su educaci\u00f3n en instituciones formales de educaci\u00f3n superior certificadas por el ICFES o la autoridad oficial correspondiente; o en los programas t\u00e9cnicos de educaci\u00f3n no formal debidamente acreditados por la autoridad competente.<\/td><td style=\"text-align:justify\">2. Los hijos del contribuyente con edad entre 18 y 25 a\u00f1os, cuando el padre o madre contribuyente persona natural se encuentre financiando su educaci\u00f3n en instituciones formales de educaci\u00f3n superior certificadas por el ICFES o de autoridad oficial correspondiente; o en los programas t\u00e9cnicos de educaci\u00f3n no formal debidamente acreditados por la autoridad competente.<\/td><\/tr><tr><td style=\"text-align:justify\">3. Los hijos del contribuyente mayores de dieciocho (18) a\u00f1os que se encuentren en situaci\u00f3n de dependencia, originada por factores f\u00edsicos o psicol\u00f3gicos que sean certificados por medicina legal.<\/td><td style=\"text-align:justify\">3. Los hijos del contribuyente mayores de dieciocho (18) a\u00f1os que se encuentren en situaci\u00f3n de dependencia, originada por factores f\u00edsicos o psicol\u00f3gicos que sean certificados por el Ministerio de Salud y Protecci\u00f3n Social o la entidad determinada por las normas vigentes.<\/td><\/tr><\/tbody><\/table><\/figure>\n\n\n\n<p style=\"text-align:justify\">La mencionada Ley tambi\u00e9n estableci\u00f3 que, en los siguientes 6 meses, la Direcci\u00f3n de Impuestos y Aduanas Nacionales (DIAN) ser\u00e1 la encargada de definir el medio por el cual el contribuyente deber\u00e1 certificar la custodia del dependiente y el cumplimiento de las obligaciones alimentarias para acceder al beneficio mencionado.<\/p>\n\n\n\n<p>Para m\u00e1s informaci\u00f3n, consulte el documento adjunto.<\/p>\n\n\n\n<p>Ver: <a href=\"https:\/\/incp.org.co\/agendatributariaincp\/wp-content\/uploads\/2024\/08\/Ley-2411-del-8-de-agosto-de-2024-MinHacienda.pdf\">Ley 2411 del 8 de agosto de 2024 \u2013 MinHacienda<\/a><\/p>\n\n\n\n<p style=\"text-align:justify\"><em>*por medio de la cual se armoniza la normatividad vigente en materia tributaria respecto a las familias con hijos dependientes o condici\u00f3n de discapacidad<\/em><\/p>\n\n\n\n<p><strong>Redacci\u00f3n INCP<\/strong><\/p>\n","protected":false},"excerpt":{"rendered":"<p>El Ministerio de Hacienda y Cr\u00e9dito P\u00fablico (MinHacienda) emiti\u00f3 la Ley 2411 del 8 de agosto de 2024* para armonizar las disposiciones legales y jurisprudenciales contenidas en el par\u00e1grafo 2 del art\u00edculo 387 del Estatuto Tributario (E.T.), las cuales definen los sujetos que tendr\u00e1n calidad de dependientes para efectos de la deducci\u00f3n de la base&hellip; <br \/> <a class=\"read-more\" href=\"https:\/\/incp.org.co\/agendatributariaincp\/noticias-incp\/2024\/08\/se-armonizo-normatividad-tributaria-para-familias-con-hijos-dependientes-o-en-condicion-de-discapacidad\/\">Read more<\/a><\/p>\n","protected":false},"author":24468,"featured_media":2410,"comment_status":"open","ping_status":"open","sticky":false,"template":"","format":"standard","meta":{"footnotes":""},"categories":[13],"tags":[],"class_list":["post-2408","post","type-post","status-publish","format-standard","has-post-thumbnail","hentry","category-noticias"],"_links":{"self":[{"href":"https:\/\/incp.org.co\/agendatributariaincp\/wp-json\/wp\/v2\/posts\/2408","targetHints":{"allow":["GET"]}}],"collection":[{"href":"https:\/\/incp.org.co\/agendatributariaincp\/wp-json\/wp\/v2\/posts"}],"about":[{"href":"https:\/\/incp.org.co\/agendatributariaincp\/wp-json\/wp\/v2\/types\/post"}],"author":[{"embeddable":true,"href":"https:\/\/incp.org.co\/agendatributariaincp\/wp-json\/wp\/v2\/users\/24468"}],"replies":[{"embeddable":true,"href":"https:\/\/incp.org.co\/agendatributariaincp\/wp-json\/wp\/v2\/comments?post=2408"}],"version-history":[{"count":1,"href":"https:\/\/incp.org.co\/agendatributariaincp\/wp-json\/wp\/v2\/posts\/2408\/revisions"}],"predecessor-version":[{"id":2411,"href":"https:\/\/incp.org.co\/agendatributariaincp\/wp-json\/wp\/v2\/posts\/2408\/revisions\/2411"}],"wp:featuredmedia":[{"embeddable":true,"href":"https:\/\/incp.org.co\/agendatributariaincp\/wp-json\/wp\/v2\/media\/2410"}],"wp:attachment":[{"href":"https:\/\/incp.org.co\/agendatributariaincp\/wp-json\/wp\/v2\/media?parent=2408"}],"wp:term":[{"taxonomy":"category","embeddable":true,"href":"https:\/\/incp.org.co\/agendatributariaincp\/wp-json\/wp\/v2\/categories?post=2408"},{"taxonomy":"post_tag","embeddable":true,"href":"https:\/\/incp.org.co\/agendatributariaincp\/wp-json\/wp\/v2\/tags?post=2408"}],"curies":[{"name":"wp","href":"https:\/\/api.w.org\/{rel}","templated":true}]}}