{"id":2423,"date":"2024-08-22T13:55:28","date_gmt":"2024-08-22T18:55:28","guid":{"rendered":"https:\/\/incp.org.co\/agendatributariaincp\/?p=2423"},"modified":"2024-08-22T13:55:29","modified_gmt":"2024-08-22T18:55:29","slug":"a-partir-del-1-de-septiembre-empieza-a-regir-la-sobretasa-bomberil-en-bogota","status":"publish","type":"post","link":"https:\/\/incp.org.co\/agendatributariaincp\/noticias-incp\/2024\/08\/a-partir-del-1-de-septiembre-empieza-a-regir-la-sobretasa-bomberil-en-bogota\/","title":{"rendered":"A partir del 1 de septiembre empieza a regir la sobretasa bomberil en Bogot\u00e1"},"content":{"rendered":"\n<p style=\"text-align:justify\">La Alcald\u00eda Mayor de Bogot\u00e1 expidi\u00f3 el Decreto No. 279 del 15 de agosto de 2024*, con el cual reglament\u00f3 de la siguiente manera la <a href=\"https:\/\/incp.org.co\/publicaciones\/infoincp-publicaciones\/impuestos\/nacionales\/2024\/06\/beneficios-tributarios-y-sobretasa-bomberil-en-el-plan-distrital-de-desarrollo-bogota-camina-segura\/\">sobretasa bomberil introducida en el Plan de Desarrollo Distrital<\/a>:<\/p>\n\n\n\n<ol class=\"wp-block-list\" start=\"1\">\n<li style=\"text-align:justify\">El hecho generador de esta obligaci\u00f3n guarda identidad con el hecho generador del impuesto de industria y comercio.<\/li>\n\n\n\n<li style=\"text-align:justify\">El sujeto pasivo corresponde a la persona natural o jur\u00eddica responsable del impuesto de industria y comercio, cuyos ingresos netos sean superiores a 43.498 unidades de valor tributario (UVT) en el periodo sujeto a declaraci\u00f3n.<\/li>\n\n\n\n<li style=\"text-align:justify\">La base gravable corresponde al valor del impuesto de industria y comercio.<\/li>\n\n\n\n<li style=\"text-align:justify\">La tarifa es del 1\u00a0% del valor liquidado por concepto del impuesto de industria y comercio.<\/li>\n\n\n\n<li style=\"text-align:justify\">Tiene el mismo periodo de causaci\u00f3n del impuesto de industria y comercio.<\/li>\n\n\n\n<li style=\"text-align:justify\">Empieza a regir a partir del 1 de septiembre de 2024.<\/li>\n\n\n\n<li style=\"text-align:justify\">La declaraci\u00f3n y pago se har\u00e1 a trav\u00e9s del formulario del impuesto de industria y comercio y con los mismos medios de pago.<\/li>\n<\/ol>\n\n\n\n<p>Para m\u00e1s informaci\u00f3n, consulte el documento adjunto.<\/p>\n\n\n\n<p>Ver:<a href=\"https:\/\/incp.org.co\/wp-content\/uploads\/2024\/07\/Proyecto-de-decreto-reglamentar-la-sobretasa-bomberil-%E2%80%93-SDH.pdf\"> Decreto No. 279 del 15 de agosto de 2024 \u2013 SDH<\/a><\/p>\n\n\n\n<p><em>* Por medio del cual se reglamentan los art\u00edculos 290 y 292 del Acuerdo 927 de 2024<\/em><\/p>\n\n\n\n<p><strong>Redacci\u00f3n INCP<\/strong><\/p>\n","protected":false},"excerpt":{"rendered":"<p>La Alcald\u00eda Mayor de Bogot\u00e1 expidi\u00f3 el Decreto No. 279 del 15 de agosto de 2024*, con el cual reglament\u00f3 de la siguiente manera la sobretasa bomberil introducida en el Plan de Desarrollo Distrital: Para m\u00e1s informaci\u00f3n, consulte el documento adjunto. Ver: Decreto No. 279 del 15 de agosto de 2024 \u2013 SDH * Por&hellip; <br \/> <a class=\"read-more\" href=\"https:\/\/incp.org.co\/agendatributariaincp\/noticias-incp\/2024\/08\/a-partir-del-1-de-septiembre-empieza-a-regir-la-sobretasa-bomberil-en-bogota\/\">Read more<\/a><\/p>\n","protected":false},"author":24468,"featured_media":2422,"comment_status":"open","ping_status":"open","sticky":false,"template":"","format":"standard","meta":{"footnotes":""},"categories":[13],"tags":[],"class_list":["post-2423","post","type-post","status-publish","format-standard","has-post-thumbnail","hentry","category-noticias"],"_links":{"self":[{"href":"https:\/\/incp.org.co\/agendatributariaincp\/wp-json\/wp\/v2\/posts\/2423","targetHints":{"allow":["GET"]}}],"collection":[{"href":"https:\/\/incp.org.co\/agendatributariaincp\/wp-json\/wp\/v2\/posts"}],"about":[{"href":"https:\/\/incp.org.co\/agendatributariaincp\/wp-json\/wp\/v2\/types\/post"}],"author":[{"embeddable":true,"href":"https:\/\/incp.org.co\/agendatributariaincp\/wp-json\/wp\/v2\/users\/24468"}],"replies":[{"embeddable":true,"href":"https:\/\/incp.org.co\/agendatributariaincp\/wp-json\/wp\/v2\/comments?post=2423"}],"version-history":[{"count":1,"href":"https:\/\/incp.org.co\/agendatributariaincp\/wp-json\/wp\/v2\/posts\/2423\/revisions"}],"predecessor-version":[{"id":2424,"href":"https:\/\/incp.org.co\/agendatributariaincp\/wp-json\/wp\/v2\/posts\/2423\/revisions\/2424"}],"wp:featuredmedia":[{"embeddable":true,"href":"https:\/\/incp.org.co\/agendatributariaincp\/wp-json\/wp\/v2\/media\/2422"}],"wp:attachment":[{"href":"https:\/\/incp.org.co\/agendatributariaincp\/wp-json\/wp\/v2\/media?parent=2423"}],"wp:term":[{"taxonomy":"category","embeddable":true,"href":"https:\/\/incp.org.co\/agendatributariaincp\/wp-json\/wp\/v2\/categories?post=2423"},{"taxonomy":"post_tag","embeddable":true,"href":"https:\/\/incp.org.co\/agendatributariaincp\/wp-json\/wp\/v2\/tags?post=2423"}],"curies":[{"name":"wp","href":"https:\/\/api.w.org\/{rel}","templated":true}]}}