{"id":2431,"date":"2024-08-26T09:58:48","date_gmt":"2024-08-26T14:58:48","guid":{"rendered":"https:\/\/incp.org.co\/agendatributariaincp\/?p=2431"},"modified":"2024-08-26T09:59:44","modified_gmt":"2024-08-26T14:59:44","slug":"dian-aclara-regimen-y-sanciones-aplicables-al-formulario-no-505","status":"publish","type":"post","link":"https:\/\/incp.org.co\/agendatributariaincp\/noticias-incp\/2024\/08\/dian-aclara-regimen-y-sanciones-aplicables-al-formulario-no-505\/","title":{"rendered":"DIAN aclara r\u00e9gimen y sanciones aplicables al Formulario No. 505"},"content":{"rendered":"\n<p><p style=\"text-align:justify\">La Direcci\u00f3n de Impuestos y Aduanas Nacionales (DIAN) public\u00f3 el Concepto No. 100208192-570 del 22 de julio de 2024, donde absuelve las siguientes consultas acerca de las consecuencias de considerar el Formulario No. 505 como una declaraci\u00f3n de importaci\u00f3n:<\/p><\/p>\n\n\n\n<ol class=\"wp-block-list\">\n<li>\u00bfEl Formulario 505 es una declaraci\u00f3n?<\/li>\n\n\n\n<li style=\"text-align:justify\">\u00bfQu\u00e9 r\u00e9gimen sancionatorio aplica para el Formulario 505, el tributario o el aduanero?<\/li>\n\n\n\n<li style=\"text-align:justify\">Para las correcciones del Formulario 505 \u00bfqu\u00e9 t\u00e9rminos se deben aplicar? \u00bfEn caso de mora en el pago hay o no lugar al cobro de intereses? y \u00bfa partir de qu\u00e9 fecha o qu\u00e9 momento empiezan a causarse los mismos?<\/li>\n\n\n\n<li style=\"text-align:justify\">\u00bfCu\u00e1l es la fecha de exigibilidad para el pago de este tributo cuando el responsable es un importador ordinario, operador econ\u00f3mico autorizado, usuario de tr\u00e1mite simplificado, usuario industrial de servicios en Zonas Francas Especiales Permanentes o un usuario industrial de bienes (UIB) en una Zona Franca Permanente?<\/li>\n\n\n\n<li style=\"text-align:justify\">Si por error el contribuyente presenta m\u00e1s de un Formulario 505 asociado a una misma declaraci\u00f3n de importaci\u00f3n, \u00bfqu\u00e9 tratamiento debe darse a las declaraciones que no tengan pago? \u00bfConstituyen t\u00edtulo ejecutivo para efectos de cobro?<\/li>\n<\/ol>\n\n\n\n<p>Al respecto, la administraci\u00f3n tributaria destac\u00f3 lo siguiente:<\/p>\n\n\n\n<ul class=\"wp-block-list\">\n<li style=\"text-align:justify\">El Formulario No. 505 <em>&#8211; impuestos a la importaci\u00f3n de bebidas ultraprocesadas azucaradas (IBUA) y productos comestibles ultraprocesados industrialmente y\/o con alto contenido de az\u00facares a\u00f1adidos, sodio o grasas saturadas (ICUA)<\/em> no se constituye como una declaraci\u00f3n de importaci\u00f3n.<\/li>\n\n\n\n<li style=\"text-align:justify\">Este formulario es una declaraci\u00f3n que debe presentarse al momento de la nacionalizaci\u00f3n de productos gravados con ICUI o IBUA.<\/li>\n\n\n\n<li style=\"text-align:justify\">En el caso de las bebidas azucaradas, las sanciones son de car\u00e1cter tributario, ya que la base gravable se refiere exclusivamente al contenido de az\u00facar.<\/li>\n\n\n\n<li style=\"text-align:justify\">En el caso de los alimentos ultraprocesados, la base gravable es la que se tiene en cuenta para liquidar los tributos aduaneros, por lo cual, para establecer si hubo alguna inconsistencia es necesario realizar un proceso administrativo de valoraci\u00f3n en aduana.<\/li>\n\n\n\n<li style=\"text-align:justify\">Los intereses de mora se causar\u00e1n a partir del d\u00eda siguiente al vencimiento del t\u00e9rmino de la obligaci\u00f3n que, para efectos del IBUA y el ICUA, es al momento de la liquidaci\u00f3n y pago de los tributos aduaneros.<\/li>\n<\/ul>\n\n\n\n<p>Para m\u00e1s informaci\u00f3n, consulte el documento adjunto.<\/p>\n\n\n\n<p>Ver: <a href=\"https:\/\/incp.org.co\/agendatributariaincp\/wp-content\/uploads\/2024\/08\/Concepto-No.-100208192-570-del-22-de-julio-de-2024-\u2013-DIAN.pdf\">Concepto No. 100208192-570 de 2024 \u2013 DIAN<\/a><\/p>\n\n\n\n<p><strong>Redacci\u00f3n INCP<\/strong><\/p>\n","protected":false},"excerpt":{"rendered":"<p>La Direcci\u00f3n de Impuestos y Aduanas Nacionales (DIAN) public\u00f3 el Concepto No. 100208192-570 del 22 de julio de 2024, donde absuelve las siguientes consultas acerca de las consecuencias de considerar el Formulario No. 505 como una declaraci\u00f3n de importaci\u00f3n: Al respecto, la administraci\u00f3n tributaria destac\u00f3 lo siguiente: Para m\u00e1s informaci\u00f3n, consulte el documento adjunto. Ver:&hellip; <br \/> <a class=\"read-more\" href=\"https:\/\/incp.org.co\/agendatributariaincp\/noticias-incp\/2024\/08\/dian-aclara-regimen-y-sanciones-aplicables-al-formulario-no-505\/\">Read more<\/a><\/p>\n","protected":false},"author":24468,"featured_media":2430,"comment_status":"open","ping_status":"open","sticky":false,"template":"","format":"standard","meta":{"footnotes":""},"categories":[13],"tags":[],"class_list":["post-2431","post","type-post","status-publish","format-standard","has-post-thumbnail","hentry","category-noticias"],"_links":{"self":[{"href":"https:\/\/incp.org.co\/agendatributariaincp\/wp-json\/wp\/v2\/posts\/2431","targetHints":{"allow":["GET"]}}],"collection":[{"href":"https:\/\/incp.org.co\/agendatributariaincp\/wp-json\/wp\/v2\/posts"}],"about":[{"href":"https:\/\/incp.org.co\/agendatributariaincp\/wp-json\/wp\/v2\/types\/post"}],"author":[{"embeddable":true,"href":"https:\/\/incp.org.co\/agendatributariaincp\/wp-json\/wp\/v2\/users\/24468"}],"replies":[{"embeddable":true,"href":"https:\/\/incp.org.co\/agendatributariaincp\/wp-json\/wp\/v2\/comments?post=2431"}],"version-history":[{"count":2,"href":"https:\/\/incp.org.co\/agendatributariaincp\/wp-json\/wp\/v2\/posts\/2431\/revisions"}],"predecessor-version":[{"id":2433,"href":"https:\/\/incp.org.co\/agendatributariaincp\/wp-json\/wp\/v2\/posts\/2431\/revisions\/2433"}],"wp:featuredmedia":[{"embeddable":true,"href":"https:\/\/incp.org.co\/agendatributariaincp\/wp-json\/wp\/v2\/media\/2430"}],"wp:attachment":[{"href":"https:\/\/incp.org.co\/agendatributariaincp\/wp-json\/wp\/v2\/media?parent=2431"}],"wp:term":[{"taxonomy":"category","embeddable":true,"href":"https:\/\/incp.org.co\/agendatributariaincp\/wp-json\/wp\/v2\/categories?post=2431"},{"taxonomy":"post_tag","embeddable":true,"href":"https:\/\/incp.org.co\/agendatributariaincp\/wp-json\/wp\/v2\/tags?post=2431"}],"curies":[{"name":"wp","href":"https:\/\/api.w.org\/{rel}","templated":true}]}}