{"id":2444,"date":"2024-08-30T08:40:41","date_gmt":"2024-08-30T13:40:41","guid":{"rendered":"https:\/\/incp.org.co\/agendatributariaincp\/?p=2444"},"modified":"2024-09-02T08:41:44","modified_gmt":"2024-09-02T13:41:44","slug":"minhacienda-busca-reglamentar-la-no-causacion-del-impuesto-sobre-plasticos-de-un-solo-uso","status":"publish","type":"post","link":"https:\/\/incp.org.co\/agendatributariaincp\/noticias-incp\/2024\/08\/minhacienda-busca-reglamentar-la-no-causacion-del-impuesto-sobre-plasticos-de-un-solo-uso\/","title":{"rendered":"MinHacienda busca reglamentar la no causaci\u00f3n del impuesto sobre pl\u00e1sticos de un solo uso"},"content":{"rendered":"\n<p><p style=\"text-align:justify\">El Ministerio de Hacienda y Cr\u00e9dito P\u00fablico (MinHacienda) public\u00f3 un proyecto de decreto*, con el cual busca reglamentar las disposiciones relacionadas con la no causaci\u00f3n del impuesto nacional sobre productos pl\u00e1sticos de un solo uso utilizados para envasar, embalar o empacar bienes.<\/p><\/p>\n\n\n\n<p><p style=\"text-align:justify\">Recordemos que el impuesto fue creado por el art\u00edculo 51 de la Ley 2277 de 2022 y estableci\u00f3 que su hecho generador es la venta, el retiro o la importaci\u00f3n para consumo propio de los productos pl\u00e1sticos de un solo uso utilizados para envasar, embalar o empacar bienes. Sin embargo, el art\u00edculo 52 de la misma Ley dispuso que el impuesto no se causar\u00e1 cuando el sujeto pasivo presente la Certificaci\u00f3n de Econom\u00eda Circular (CEC), expedida por el Ministerio de Ambiente y Desarrollo Sostenible (MinAmbiente). As\u00ed bien, el presente proyecto de decreto busca reglamentar las disposiciones del mencionado art\u00edculo 52 mediante la adici\u00f3n del Cap\u00edtulo 4 al t\u00edtulo 6 de la parte 5 del libro 1 del Decreto 1625 de 2016 (\u00danico reglamentario en materia tributaria).<\/p><\/p>\n\n\n\n<p>Entre las principales propuestas se destacan:<\/p>\n\n\n\n<ol class=\"wp-block-list\">\n<li style=\"text-align:justify\">No causar\u00e1n el impuesto, las toneladas de producto pl\u00e1stico resultantes de multiplicar la cantidad total de toneladas gravadas con el impuesto para la respectiva vigencia, por un factor de no causaci\u00f3n, cuya forma de c\u00e1lculo, ser\u00e1 reglamentada por el MinAmbiente y ser\u00e1n acreditadas en la CEC.<\/li>\n\n\n\n<li style=\"text-align:justify\">El MinAmbiente establecer\u00e1 la forma y los requisitos que deber\u00e1 cumplir el sujeto pasivo para obtener la CEC, que deber\u00e1 ser tramitada ante la Autoridad Nacional de Licencias Ambientales (ANLA). Para ello, se necesitar\u00e1 la previa verificaci\u00f3n del cumplimiento de los criterios de no causaci\u00f3n y tendr\u00e1 vigencia de un 1 a\u00f1o.<\/li>\n\n\n\n<li style=\"text-align:justify\">Para hacer efectiva la no causaci\u00f3n del impuesto, el sujeto pasivo, titular de la CEC, deber\u00e1 contar con esta certificaci\u00f3n previo a la presentaci\u00f3n de la declaraci\u00f3n del impuesto.<\/li>\n<\/ol>\n\n\n\n<p><p style=\"text-align:justify\">Usted puede enviar sus comentarios a este proyecto de decreto hasta el 12 de septiembre de 2024 diligenciando el siguiente <a href=\"https:\/\/forms.office.com\/pages\/responsepage.aspx?id=2GDqtEm-vECYxBjEO_1yHivi38WBCEdFkETiUcsqrzlUNE0xVVFXVEk3MVpNSkU5RVQzSkhDSTJHNi4u&amp;route=shorturl\">formulario<\/a>.<\/p><\/p>\n\n\n\n<p>Para m\u00e1s informaci\u00f3n, consulte el documento adjunto.<\/p>\n\n\n\n<p>Ver: <a href=\"https:\/\/incp.org.co\/agendatributariaincp\/wp-content\/uploads\/2024\/09\/Proyecto-de-decreto-no-causacion-impuesto-productos-plasticos-\u2013-MinHacienda.pdf\">Proyecto de decreto no causaci\u00f3n impuesto productos pl\u00e1sticos \u2013 MinHacienda<\/a><\/p>\n\n\n\n<p><p style=\"text-align:justify\"><em>*Por el cual se reglamenta el art\u00edculo 52 de la Ley 2277 de 2022, se modifica el ep\u00edgrafe del T\u00edtulo 6 y se adiciona el Cap\u00edtulo 4 al T\u00edtulo 6 de la Parte 5 del Libro 1 del Decreto 1625 de 2016, \u00danico Reglamentario en Materia Tributaria, en lo relacionado con la no causaci\u00f3n del impuesto nacional sobre productos pl\u00e1sticos de un solo uso utilizados para envasar, embalar o empacar bienes\u201d<\/em><\/p><\/p>\n\n\n\n<p><strong>Redacci\u00f3n INCP<\/strong><\/p>\n","protected":false},"excerpt":{"rendered":"<p>El Ministerio de Hacienda y Cr\u00e9dito P\u00fablico (MinHacienda) public\u00f3 un proyecto de decreto*, con el cual busca reglamentar las disposiciones relacionadas con la no causaci\u00f3n del impuesto nacional sobre productos pl\u00e1sticos de un solo uso utilizados para envasar, embalar o empacar bienes. Recordemos que el impuesto fue creado por el art\u00edculo 51 de la Ley&hellip; <br \/> <a class=\"read-more\" href=\"https:\/\/incp.org.co\/agendatributariaincp\/noticias-incp\/2024\/08\/minhacienda-busca-reglamentar-la-no-causacion-del-impuesto-sobre-plasticos-de-un-solo-uso\/\">Read more<\/a><\/p>\n","protected":false},"author":24468,"featured_media":2442,"comment_status":"open","ping_status":"open","sticky":false,"template":"","format":"standard","meta":{"footnotes":""},"categories":[13],"tags":[],"class_list":["post-2444","post","type-post","status-publish","format-standard","has-post-thumbnail","hentry","category-noticias"],"_links":{"self":[{"href":"https:\/\/incp.org.co\/agendatributariaincp\/wp-json\/wp\/v2\/posts\/2444","targetHints":{"allow":["GET"]}}],"collection":[{"href":"https:\/\/incp.org.co\/agendatributariaincp\/wp-json\/wp\/v2\/posts"}],"about":[{"href":"https:\/\/incp.org.co\/agendatributariaincp\/wp-json\/wp\/v2\/types\/post"}],"author":[{"embeddable":true,"href":"https:\/\/incp.org.co\/agendatributariaincp\/wp-json\/wp\/v2\/users\/24468"}],"replies":[{"embeddable":true,"href":"https:\/\/incp.org.co\/agendatributariaincp\/wp-json\/wp\/v2\/comments?post=2444"}],"version-history":[{"count":2,"href":"https:\/\/incp.org.co\/agendatributariaincp\/wp-json\/wp\/v2\/posts\/2444\/revisions"}],"predecessor-version":[{"id":2446,"href":"https:\/\/incp.org.co\/agendatributariaincp\/wp-json\/wp\/v2\/posts\/2444\/revisions\/2446"}],"wp:featuredmedia":[{"embeddable":true,"href":"https:\/\/incp.org.co\/agendatributariaincp\/wp-json\/wp\/v2\/media\/2442"}],"wp:attachment":[{"href":"https:\/\/incp.org.co\/agendatributariaincp\/wp-json\/wp\/v2\/media?parent=2444"}],"wp:term":[{"taxonomy":"category","embeddable":true,"href":"https:\/\/incp.org.co\/agendatributariaincp\/wp-json\/wp\/v2\/categories?post=2444"},{"taxonomy":"post_tag","embeddable":true,"href":"https:\/\/incp.org.co\/agendatributariaincp\/wp-json\/wp\/v2\/tags?post=2444"}],"curies":[{"name":"wp","href":"https:\/\/api.w.org\/{rel}","templated":true}]}}