{"id":2477,"date":"2024-09-11T08:41:44","date_gmt":"2024-09-11T13:41:44","guid":{"rendered":"https:\/\/incp.org.co\/agendatributariaincp\/?p=2477"},"modified":"2024-09-13T08:43:06","modified_gmt":"2024-09-13T13:43:06","slug":"radicado-el-nuevo-proyecto-de-reforma-tributaria","status":"publish","type":"post","link":"https:\/\/incp.org.co\/agendatributariaincp\/noticias-incp\/2024\/09\/radicado-el-nuevo-proyecto-de-reforma-tributaria\/","title":{"rendered":"Radicado el nuevo proyecto de reforma tributaria"},"content":{"rendered":"\n<p style=\"text-align:justify\">El Ministerio de Hacienda y Cr\u00e9dito P\u00fablico (MinHacienda) radic\u00f3, el pasado 10 de septiembre de 2024, un proyecto de reforma tributaria que introduce cambios significativos al Estatuto Tributario (E.T.) con el prop\u00f3sito de financiar el Presupuesto General de la Naci\u00f3n (PGN). En concreto, la reforma busca priorizar la reactivaci\u00f3n econ\u00f3mica, la acci\u00f3n clim\u00e1tica y el desarrollo sostenible.<\/p>\n\n\n\n<p style=\"text-align:justify\">Seg\u00fan la exposici\u00f3n de motivos del proyecto, uno de los cambios m\u00e1s destacados es la revisi\u00f3n de la tarifa general del impuesto sobre la renta para personas jur\u00eddicas. Dicha tarifa se pretende ajustar por medio de una nueva tabla de tarifas marginales diferenciadas con un enfoque en la progresividad fiscal. Adem\u00e1s, el proyecto tambi\u00e9n propone un aumento en la tarifa del impuesto al patrimonio, que se estructurar\u00e1 en rangos de Unidades de Valor Tributario (UVT). Los contribuyentes con bases gravables m\u00e1s altas enfrentar\u00e1n tarifas marginales que podr\u00edan variar entre el 0&nbsp;% y el 2&nbsp;%, buscando una contribuci\u00f3n m\u00e1s equitativa de aquellos con mayores capacidades de pago. Asimismo, se busca incrementar la tasa m\u00ednima de tributaci\u00f3n del 15&nbsp;% al 20&nbsp;%.<\/p>\n\n\n\n<p style=\"text-align:justify\">De igual manera, el proyecto introducir\u00eda incentivos fiscales para promover la inversi\u00f3n en proyectos de energ\u00eda renovable y sostenibilidad, en l\u00ednea con los objetivos de acci\u00f3n clim\u00e1tica del plan nacional de desarrollo (PND).<\/p>\n\n\n\n<p>Para m\u00e1s informaci\u00f3n, consulte el documento adjunto.<\/p>\n\n\n\n<p>Ver: <a href=\"https:\/\/incp.org.co\/agendatributariaincp\/wp-content\/uploads\/2024\/09\/Proyecto-de-reforma-tributaria-2024-MinHacienda.pdf\">Proyecto de reforma tributaria 2024 \u2013 MinHacienda<\/a><\/p>\n\n\n\n<p><strong>Redacci\u00f3n INCP<\/strong><\/p>\n","protected":false},"excerpt":{"rendered":"<p>El Ministerio de Hacienda y Cr\u00e9dito P\u00fablico (MinHacienda) radic\u00f3, el pasado 10 de septiembre de 2024, un proyecto de reforma tributaria que introduce cambios significativos al Estatuto Tributario (E.T.) con el prop\u00f3sito de financiar el Presupuesto General de la Naci\u00f3n (PGN). En concreto, la reforma busca priorizar la reactivaci\u00f3n econ\u00f3mica, la acci\u00f3n clim\u00e1tica y el&hellip; <br \/> <a class=\"read-more\" href=\"https:\/\/incp.org.co\/agendatributariaincp\/noticias-incp\/2024\/09\/radicado-el-nuevo-proyecto-de-reforma-tributaria\/\">Read more<\/a><\/p>\n","protected":false},"author":24468,"featured_media":2472,"comment_status":"open","ping_status":"open","sticky":false,"template":"","format":"standard","meta":{"footnotes":""},"categories":[13],"tags":[],"class_list":["post-2477","post","type-post","status-publish","format-standard","has-post-thumbnail","hentry","category-noticias"],"_links":{"self":[{"href":"https:\/\/incp.org.co\/agendatributariaincp\/wp-json\/wp\/v2\/posts\/2477","targetHints":{"allow":["GET"]}}],"collection":[{"href":"https:\/\/incp.org.co\/agendatributariaincp\/wp-json\/wp\/v2\/posts"}],"about":[{"href":"https:\/\/incp.org.co\/agendatributariaincp\/wp-json\/wp\/v2\/types\/post"}],"author":[{"embeddable":true,"href":"https:\/\/incp.org.co\/agendatributariaincp\/wp-json\/wp\/v2\/users\/24468"}],"replies":[{"embeddable":true,"href":"https:\/\/incp.org.co\/agendatributariaincp\/wp-json\/wp\/v2\/comments?post=2477"}],"version-history":[{"count":1,"href":"https:\/\/incp.org.co\/agendatributariaincp\/wp-json\/wp\/v2\/posts\/2477\/revisions"}],"predecessor-version":[{"id":2478,"href":"https:\/\/incp.org.co\/agendatributariaincp\/wp-json\/wp\/v2\/posts\/2477\/revisions\/2478"}],"wp:featuredmedia":[{"embeddable":true,"href":"https:\/\/incp.org.co\/agendatributariaincp\/wp-json\/wp\/v2\/media\/2472"}],"wp:attachment":[{"href":"https:\/\/incp.org.co\/agendatributariaincp\/wp-json\/wp\/v2\/media?parent=2477"}],"wp:term":[{"taxonomy":"category","embeddable":true,"href":"https:\/\/incp.org.co\/agendatributariaincp\/wp-json\/wp\/v2\/categories?post=2477"},{"taxonomy":"post_tag","embeddable":true,"href":"https:\/\/incp.org.co\/agendatributariaincp\/wp-json\/wp\/v2\/tags?post=2477"}],"curies":[{"name":"wp","href":"https:\/\/api.w.org\/{rel}","templated":true}]}}