{"id":2487,"date":"2024-09-19T16:43:06","date_gmt":"2024-09-19T21:43:06","guid":{"rendered":"https:\/\/incp.org.co\/agendatributariaincp\/?p=2487"},"modified":"2024-09-19T16:44:10","modified_gmt":"2024-09-19T21:44:10","slug":"aclaracion-sobre-la-visualizacion-de-precios-en-pesos-colombianos-y-la-evaluacion-agregada-para-pes","status":"publish","type":"post","link":"https:\/\/incp.org.co\/agendatributariaincp\/noticias-incp\/2024\/09\/aclaracion-sobre-la-visualizacion-de-precios-en-pesos-colombianos-y-la-evaluacion-agregada-para-pes\/","title":{"rendered":"Aclaraci\u00f3n sobre la \u201cvisualizaci\u00f3n de precios en pesos colombianos\u201d y la \u201cevaluaci\u00f3n agregada\u201d para PES"},"content":{"rendered":"\n<p><p style=\"text-align:justify\">La Direcci\u00f3n de Impuestos y Aduanas Nacionales (DIAN) public\u00f3 el Concepto No. 713 de 2024, con el cual realiz\u00f3 una decimoquinta adici\u00f3n al Concepto General del impuesto sobre la renta a cargo de las personas jur\u00eddicas con motivo de la Ley 2277 de 2022 (reforma tributaria) y absolvi\u00f3 las siguientes consultas relacionadas con la tributaci\u00f3n por Presencia Econ\u00f3mica Significativa (PES):<\/p><\/p>\n\n\n\n<p><p style=\"text-align:justify\"><strong>\u00bfQu\u00e9 se entiende por \u201dvisualizar precios en pesos colombianos\u201d seg\u00fan el numeral 2 del par\u00e1grafo 1 del art\u00edculo 20-3 del Estatuto Tributario (E.T.)?<\/strong><\/p><\/p>\n\n\n\n<p><p style=\"text-align:justify\">La DIAN explic\u00f3 que la expresi\u00f3n \u201cvisualizar precios en pesos colombianos\u201d del numeral 2 del par\u00e1grafo 1 del art\u00edculo 20-3 del E.T., se refiere a la capacidad de mostrar el precio de los productos o servicios en pesos colombianos en plataformas digitales, como sitios web o aplicaciones. Esto implica que los precios deben ser visibles para los clientes colombianos en su moneda local, lo que indica una intenci\u00f3n de participar activamente en el mercado colombiano. Seg\u00fan la DIAN, esta capacidad de mostrar precios en pesos colombianos se considera una forma de interacci\u00f3n deliberada y sistem\u00e1tica con el mercado colombiano, lo que contribuye a la determinaci\u00f3n de la PES y la obligaci\u00f3n de sujetarse al impuesto sobre la renta.<\/p><\/p>\n\n\n\n<p><p style=\"text-align:justify\"><strong>\u00bfCu\u00e1l es el significado de la expresi\u00f3n \u201cde manera agregada\u201d contenida en el par\u00e1grafo 3 del art\u00edculo 20-3 del E.T.?<\/strong><\/p><\/p>\n\n\n\n<p><p style=\"text-align:justify\">La DIAN aclar\u00f3 que la expresi\u00f3n \u201cde manera agregada\u201d en el par\u00e1grafo 3 del art\u00edculo 20-3 del E.T. implica que las entidades vinculadas deben considerar sus actividades de manera conjunta para determinar si tienen presencia econ\u00f3mica significativa en Colombia. Esto significa que si entidades vinculadas, al sumar sus ingresos y clientes en Colombia, cumplen con los umbrales establecidos en el art\u00edculo 20-3 del E.T., se considerar\u00e1n sujetas al impuesto sobre la renta, incluso si individualmente no cumplen con estos umbrales. La aplicaci\u00f3n agregada busca evitar que las entidades fragmenten sus operaciones para evitar el impuesto.<\/p><\/p>\n\n\n\n<p>Para m\u00e1s informaci\u00f3n, consulte el documento adjunto.<\/p>\n\n\n\n<p>Ver: <a href=\"https:\/\/incp.org.co\/agendatributariaincp\/wp-content\/uploads\/2024\/09\/Concepto-No.-713-de-2024-\u2013-DIAN.pdf\">Concepto No. 713 de 2024 \u2013 DIAN<\/a><\/p>\n\n\n\n<p><strong>Redacci\u00f3n INCP<\/strong><\/p>\n\n\n\n<hr class=\"wp-block-separator has-alpha-channel-opacity\"\/>\n","protected":false},"excerpt":{"rendered":"<p>La Direcci\u00f3n de Impuestos y Aduanas Nacionales (DIAN) public\u00f3 el Concepto No. 713 de 2024, con el cual realiz\u00f3 una decimoquinta adici\u00f3n al Concepto General del impuesto sobre la renta a cargo de las personas jur\u00eddicas con motivo de la Ley 2277 de 2022 (reforma tributaria) y absolvi\u00f3 las siguientes consultas relacionadas con la tributaci\u00f3n&hellip; <br \/> <a class=\"read-more\" href=\"https:\/\/incp.org.co\/agendatributariaincp\/noticias-incp\/2024\/09\/aclaracion-sobre-la-visualizacion-de-precios-en-pesos-colombianos-y-la-evaluacion-agregada-para-pes\/\">Read more<\/a><\/p>\n","protected":false},"author":24468,"featured_media":2489,"comment_status":"open","ping_status":"open","sticky":false,"template":"","format":"standard","meta":{"footnotes":""},"categories":[13],"tags":[],"class_list":["post-2487","post","type-post","status-publish","format-standard","has-post-thumbnail","hentry","category-noticias"],"_links":{"self":[{"href":"https:\/\/incp.org.co\/agendatributariaincp\/wp-json\/wp\/v2\/posts\/2487","targetHints":{"allow":["GET"]}}],"collection":[{"href":"https:\/\/incp.org.co\/agendatributariaincp\/wp-json\/wp\/v2\/posts"}],"about":[{"href":"https:\/\/incp.org.co\/agendatributariaincp\/wp-json\/wp\/v2\/types\/post"}],"author":[{"embeddable":true,"href":"https:\/\/incp.org.co\/agendatributariaincp\/wp-json\/wp\/v2\/users\/24468"}],"replies":[{"embeddable":true,"href":"https:\/\/incp.org.co\/agendatributariaincp\/wp-json\/wp\/v2\/comments?post=2487"}],"version-history":[{"count":2,"href":"https:\/\/incp.org.co\/agendatributariaincp\/wp-json\/wp\/v2\/posts\/2487\/revisions"}],"predecessor-version":[{"id":2491,"href":"https:\/\/incp.org.co\/agendatributariaincp\/wp-json\/wp\/v2\/posts\/2487\/revisions\/2491"}],"wp:featuredmedia":[{"embeddable":true,"href":"https:\/\/incp.org.co\/agendatributariaincp\/wp-json\/wp\/v2\/media\/2489"}],"wp:attachment":[{"href":"https:\/\/incp.org.co\/agendatributariaincp\/wp-json\/wp\/v2\/media?parent=2487"}],"wp:term":[{"taxonomy":"category","embeddable":true,"href":"https:\/\/incp.org.co\/agendatributariaincp\/wp-json\/wp\/v2\/categories?post=2487"},{"taxonomy":"post_tag","embeddable":true,"href":"https:\/\/incp.org.co\/agendatributariaincp\/wp-json\/wp\/v2\/tags?post=2487"}],"curies":[{"name":"wp","href":"https:\/\/api.w.org\/{rel}","templated":true}]}}