{"id":2504,"date":"2024-09-24T14:16:50","date_gmt":"2024-09-24T19:16:50","guid":{"rendered":"https:\/\/incp.org.co\/agendatributariaincp\/?p=2504"},"modified":"2024-10-02T16:03:00","modified_gmt":"2024-10-02T21:03:00","slug":"dian-aclara-calculo-de-la-parte-gravada-de-las-pensiones-que-superan-las-1-000-uvt","status":"publish","type":"post","link":"https:\/\/incp.org.co\/agendatributariaincp\/noticias-incp\/2024\/10\/dian-aclara-calculo-de-la-parte-gravada-de-las-pensiones-que-superan-las-1-000-uvt\/","title":{"rendered":"DIAN aclara c\u00e1lculo de la parte gravada de las pensiones que superan las 1.000 UVT"},"content":{"rendered":"\n<p style=\"text-align:justify\" >La Direcci\u00f3n de Impuestos y Aduanas Nacionales (DIAN) public\u00f3 el Concepto No. 772 del 16 de septiembre de 2024, en el cual absolvi\u00f3 la siguiente consulta acerca del c\u00e1lculo de la parte exenta de las pensiones que superan las 1.000 unidades de valor tributario (UVT).<\/p>\n\n\n\n<p style=\"text-align:justify\" ><strong>Conforme al numeral 5 del art\u00edculo 84 de la Ley 2381 de 2024, \u00bfla parte de las pensiones que se considera gravada por exceder las 1.000 UVT, se calcula de manera independiente sobre cada pago mensual o sobre el acumulado anual?<\/strong><\/p>\n\n\n\n<p style=\"text-align:justify\" >En primera medida, la DIAN record\u00f3 que el art\u00edculo 206 del Estatuto Tributario (E.T.) dispone que las pensiones de jubilaci\u00f3n, invalidez, vejez, de sobrevivientes y sobre riesgos profesionales, estar\u00e1n gravadas solo en la parte del pago <strong>mensual<\/strong> que exceda las 1.000 UVT. Por lo cual, la parte de las pensiones que se considera gravada por exceder las 1.000 UVT se calcula de manera independiente <strong>sobre cada pago mensual<\/strong>.<\/p>\n\n\n\n<p style=\"text-align:justify\" >Usted puede enviar sus comentarios a este proyecto de resoluci\u00f3n al correo electr\u00f3nico <a href=\"mailto:comentarios_formularios_oficiales@dian.gov.co\">comentarios_formularios_oficiales@dian.gov.co<\/a> hasta el 30 de septiembre de 2024.<\/p>\n\n\n\n<p>Para m\u00e1s informaci\u00f3n, consulte el documento adjunto.<\/p>\n\n\n\n<p>Ver: <a href=\"https:\/\/incp.org.co\/agendatributariaincp\/wp-content\/uploads\/2024\/10\/Concepto-No.-772-del-16-de-septiembre-de-2024-\u2013-DIAN.pdf\">Concepto No. 772 de 2024 \u2013 DIAN<\/a><\/p>\n\n\n\n<p><strong>Redacci\u00f3n INCP<\/strong><\/p>\n","protected":false},"excerpt":{"rendered":"<p>La Direcci\u00f3n de Impuestos y Aduanas Nacionales (DIAN) public\u00f3 el Concepto No. 772 del 16 de septiembre de 2024, en el cual absolvi\u00f3 la siguiente consulta acerca del c\u00e1lculo de la parte exenta de las pensiones que superan las 1.000 unidades de valor tributario (UVT). Conforme al numeral 5 del art\u00edculo 84 de la Ley&hellip; <br \/> <a class=\"read-more\" href=\"https:\/\/incp.org.co\/agendatributariaincp\/noticias-incp\/2024\/10\/dian-aclara-calculo-de-la-parte-gravada-de-las-pensiones-que-superan-las-1-000-uvt\/\">Read more<\/a><\/p>\n","protected":false},"author":24468,"featured_media":2506,"comment_status":"open","ping_status":"open","sticky":false,"template":"","format":"standard","meta":{"footnotes":""},"categories":[13],"tags":[],"class_list":["post-2504","post","type-post","status-publish","format-standard","has-post-thumbnail","hentry","category-noticias"],"_links":{"self":[{"href":"https:\/\/incp.org.co\/agendatributariaincp\/wp-json\/wp\/v2\/posts\/2504","targetHints":{"allow":["GET"]}}],"collection":[{"href":"https:\/\/incp.org.co\/agendatributariaincp\/wp-json\/wp\/v2\/posts"}],"about":[{"href":"https:\/\/incp.org.co\/agendatributariaincp\/wp-json\/wp\/v2\/types\/post"}],"author":[{"embeddable":true,"href":"https:\/\/incp.org.co\/agendatributariaincp\/wp-json\/wp\/v2\/users\/24468"}],"replies":[{"embeddable":true,"href":"https:\/\/incp.org.co\/agendatributariaincp\/wp-json\/wp\/v2\/comments?post=2504"}],"version-history":[{"count":1,"href":"https:\/\/incp.org.co\/agendatributariaincp\/wp-json\/wp\/v2\/posts\/2504\/revisions"}],"predecessor-version":[{"id":2509,"href":"https:\/\/incp.org.co\/agendatributariaincp\/wp-json\/wp\/v2\/posts\/2504\/revisions\/2509"}],"wp:featuredmedia":[{"embeddable":true,"href":"https:\/\/incp.org.co\/agendatributariaincp\/wp-json\/wp\/v2\/media\/2506"}],"wp:attachment":[{"href":"https:\/\/incp.org.co\/agendatributariaincp\/wp-json\/wp\/v2\/media?parent=2504"}],"wp:term":[{"taxonomy":"category","embeddable":true,"href":"https:\/\/incp.org.co\/agendatributariaincp\/wp-json\/wp\/v2\/categories?post=2504"},{"taxonomy":"post_tag","embeddable":true,"href":"https:\/\/incp.org.co\/agendatributariaincp\/wp-json\/wp\/v2\/tags?post=2504"}],"curies":[{"name":"wp","href":"https:\/\/api.w.org\/{rel}","templated":true}]}}