{"id":2512,"date":"2024-09-25T14:48:32","date_gmt":"2024-09-25T19:48:32","guid":{"rendered":"https:\/\/incp.org.co\/agendatributariaincp\/?p=2512"},"modified":"2024-10-02T16:01:37","modified_gmt":"2024-10-02T21:01:37","slug":"embajadas-estan-exentas-de-iva-pero-las-ong-no","status":"publish","type":"post","link":"https:\/\/incp.org.co\/agendatributariaincp\/noticias-incp\/2024\/10\/embajadas-estan-exentas-de-iva-pero-las-ong-no\/","title":{"rendered":"Embajadas est\u00e1n exentas de IVA, pero las ONG no"},"content":{"rendered":"\n<p><p style=\"text-align:justify\">La Direcci\u00f3n de Impuestos y Aduanas Nacionales (DIAN) public\u00f3 el Concepto No. 453 de 2024, en el cual se pronunci\u00f3 sobre la exenci\u00f3n del IVA y el impuesto al consumo para las Embajadas y ONG.<\/p><\/p>\n\n\n\n<p><p style=\"text-align:justify\">En primera medida, la administraci\u00f3n tributaria record\u00f3 que las embajadas y organismos internacionales tienen derecho a la exenci\u00f3n del IVA y el impuesto al consumo en Colombia, siempre que se cumplan los tratados internacionales o acuerdos vigentes que regulen estas exenciones.<\/p><\/p>\n\n\n\n<p><p style=\"text-align:justify\">En el caso de las embajadas, si adquieren bienes o servicios gravados con IVA o impuesto al consumo, pueden solicitar la devoluci\u00f3n de estos impuestos ante la DIAN, siguiendo el proceso estipulado en el Decreto 153 de 2014. Sin embargo, la DIAN aclar\u00f3 que las ONG no cuentan con una exenci\u00f3n directa del IVA ni del impuesto al consumo. Por el contrario, estas organizaciones, independientemente de su naturaleza jur\u00eddica, deben cumplir con sus obligaciones tributarias cuando realicen actividades gravadas.<\/p><\/p>\n\n\n\n<p><p style=\"text-align:justify\">Adicionalmente, la DIAN especific\u00f3 que la exenci\u00f3n solo aplica a las embajadas y organismos internacionales, no a terceros que act\u00faen bajo un contrato de mandato. Si un mandatario adquiere bienes o servicios en representaci\u00f3n de una embajada, la exenci\u00f3n ser\u00e1 exclusiva para la embajada, y el mandatario deber\u00e1 conservar los documentos necesarios para que esta solicite la devoluci\u00f3n del IVA e impuesto al consumo.<\/p><\/p>\n\n\n\n<p>Para m\u00e1s informaci\u00f3n, consulte el documento adjunto.<\/p>\n\n\n\n<p>Ver: <a href=\"https:\/\/incp.org.co\/agendatributariaincp\/wp-content\/uploads\/2024\/10\/Concepto-No.-453-de-2024-\u2013-DIAN.pdf\">Concepto No. 453 de 2024 \u2013 DIAN<\/a><\/p>\n\n\n\n<p><strong>Redacci\u00f3n INCP<\/strong><\/p>\n\n\n\n<hr class=\"wp-block-separator has-alpha-channel-opacity\"\/>\n\n\n\n<p><\/p>\n","protected":false},"excerpt":{"rendered":"<p>La Direcci\u00f3n de Impuestos y Aduanas Nacionales (DIAN) public\u00f3 el Concepto No. 453 de 2024, en el cual se pronunci\u00f3 sobre la exenci\u00f3n del IVA y el impuesto al consumo para las Embajadas y ONG. En primera medida, la administraci\u00f3n tributaria record\u00f3 que las embajadas y organismos internacionales tienen derecho a la exenci\u00f3n del IVA&hellip; <br \/> <a class=\"read-more\" href=\"https:\/\/incp.org.co\/agendatributariaincp\/noticias-incp\/2024\/10\/embajadas-estan-exentas-de-iva-pero-las-ong-no\/\">Read more<\/a><\/p>\n","protected":false},"author":24468,"featured_media":2515,"comment_status":"open","ping_status":"open","sticky":false,"template":"","format":"standard","meta":{"footnotes":""},"categories":[13],"tags":[],"class_list":["post-2512","post","type-post","status-publish","format-standard","has-post-thumbnail","hentry","category-noticias"],"_links":{"self":[{"href":"https:\/\/incp.org.co\/agendatributariaincp\/wp-json\/wp\/v2\/posts\/2512","targetHints":{"allow":["GET"]}}],"collection":[{"href":"https:\/\/incp.org.co\/agendatributariaincp\/wp-json\/wp\/v2\/posts"}],"about":[{"href":"https:\/\/incp.org.co\/agendatributariaincp\/wp-json\/wp\/v2\/types\/post"}],"author":[{"embeddable":true,"href":"https:\/\/incp.org.co\/agendatributariaincp\/wp-json\/wp\/v2\/users\/24468"}],"replies":[{"embeddable":true,"href":"https:\/\/incp.org.co\/agendatributariaincp\/wp-json\/wp\/v2\/comments?post=2512"}],"version-history":[{"count":1,"href":"https:\/\/incp.org.co\/agendatributariaincp\/wp-json\/wp\/v2\/posts\/2512\/revisions"}],"predecessor-version":[{"id":2517,"href":"https:\/\/incp.org.co\/agendatributariaincp\/wp-json\/wp\/v2\/posts\/2512\/revisions\/2517"}],"wp:featuredmedia":[{"embeddable":true,"href":"https:\/\/incp.org.co\/agendatributariaincp\/wp-json\/wp\/v2\/media\/2515"}],"wp:attachment":[{"href":"https:\/\/incp.org.co\/agendatributariaincp\/wp-json\/wp\/v2\/media?parent=2512"}],"wp:term":[{"taxonomy":"category","embeddable":true,"href":"https:\/\/incp.org.co\/agendatributariaincp\/wp-json\/wp\/v2\/categories?post=2512"},{"taxonomy":"post_tag","embeddable":true,"href":"https:\/\/incp.org.co\/agendatributariaincp\/wp-json\/wp\/v2\/tags?post=2512"}],"curies":[{"name":"wp","href":"https:\/\/api.w.org\/{rel}","templated":true}]}}