{"id":2555,"date":"2024-10-09T13:54:04","date_gmt":"2024-10-09T18:54:04","guid":{"rendered":"https:\/\/incp.org.co\/agendatributariaincp\/?p=2555"},"modified":"2024-10-16T13:55:41","modified_gmt":"2024-10-16T18:55:41","slug":"dian-aclara-el-uso-del-certificado-de-discapacidad-para-acceder-a-beneficios-tributarios","status":"publish","type":"post","link":"https:\/\/incp.org.co\/agendatributariaincp\/noticias-incp\/2024\/10\/dian-aclara-el-uso-del-certificado-de-discapacidad-para-acceder-a-beneficios-tributarios\/","title":{"rendered":"DIAN aclara el uso del certificado de discapacidad para acceder a beneficios tributarios"},"content":{"rendered":"\n<figure class=\"wp-block-embed is-type-video is-provider-youtube wp-block-embed-youtube wp-embed-aspect-16-9 wp-has-aspect-ratio\"><div class=\"wp-block-embed__wrapper\">\n<div class='embed-container'><iframe loading=\"lazy\" title=\"DIAN aclara el uso del certificado de discapacidad para acceder a beneficios tributarios\" width=\"1920\" height=\"1080\" src=\"https:\/\/www.youtube.com\/embed\/bxWDyfkE9QU?feature=oembed\" frameborder=\"0\" allow=\"accelerometer; autoplay; clipboard-write; encrypted-media; gyroscope; picture-in-picture; web-share\" referrerpolicy=\"strict-origin-when-cross-origin\" allowfullscreen><\/iframe><\/div>\n<\/div><\/figure>\n\n\n\n<p><p style=\"text-align:justify\">La Direcci\u00f3n de Impuestos y Aduanas Nacionales (DIAN) emiti\u00f3 el Concepto No. 564 de 2024, en el cual absolvi\u00f3 la siguiente consulta:<\/p><\/p>\n\n\n\n<p><p style=\"text-align:justify\"><strong>\u00bfEl certificado de discapacidad es un documento v\u00e1lido para acreditar ante la DIAN el beneficio tributario regulado en el art\u00edculo 31 de la Ley 361 de 1997?<\/strong><\/p><\/p>\n\n\n\n<p><p style=\"text-align:justify\">En primera medida, la administraci\u00f3n tributaria record\u00f3 que el beneficio establecido en el art\u00edculo 31 de la Ley 361 de 1997 dictamina que: \u201clos empleadores que contraten trabajadores con limitaciones comprobadas no inferiores al 25&nbsp;% y que est\u00e9n obligados a presentar la declaraci\u00f3n de renta y complementarios, tienen derecho a deducir de la renta el 200&nbsp;% del valor de los salarios y prestaciones sociales pagados durante el a\u00f1o o periodo gravable a los trabajadores con limitaci\u00f3n\u201d.<\/p><\/p>\n\n\n\n<p><p style=\"text-align:justify\">As\u00ed bien, la DIAN confirm\u00f3 que el documento soporte para acreditar el beneficio tributario mencionado en el p\u00e1rrafo anterior es el certificado de discapacidad, el cual debe ser expedido por los equipos multidisciplinarios de los prestadores de servicios de salud autorizados por las secretar\u00edas de salud del orden departamental y distrital, o las entidades que hagan sus veces, de acuerdo con lo establecido en el art\u00edculo 3 de la Resoluci\u00f3n 1197 de 2024 del Ministerio de Salud y Protecci\u00f3n Social (MinSalud).<\/p><\/p>\n\n\n\n<p>Para m\u00e1s informaci\u00f3n, consulte el documento adjunto.<\/p>\n\n\n\n<p>Ver: <a href=\"https:\/\/incp.org.co\/agendatributariaincp\/wp-content\/uploads\/2024\/10\/Concepto-No.-564-de-2024-\u2013-DIAN.pdf\">Concepto No. 564 de 2024 \u2013 DIAN<\/a><\/p>\n\n\n\n<p><strong>Redacci\u00f3n INCP<\/strong><\/p>\n\n\n\n<hr class=\"wp-block-separator has-alpha-channel-opacity\"\/>\n\n\n\n<p><\/p>\n","protected":false},"excerpt":{"rendered":"<p>La Direcci\u00f3n de Impuestos y Aduanas Nacionales (DIAN) emiti\u00f3 el Concepto No. 564 de 2024, en el cual absolvi\u00f3 la siguiente consulta: \u00bfEl certificado de discapacidad es un documento v\u00e1lido para acreditar ante la DIAN el beneficio tributario regulado en el art\u00edculo 31 de la Ley 361 de 1997? En primera medida, la administraci\u00f3n tributaria&hellip; <br \/> <a class=\"read-more\" href=\"https:\/\/incp.org.co\/agendatributariaincp\/noticias-incp\/2024\/10\/dian-aclara-el-uso-del-certificado-de-discapacidad-para-acceder-a-beneficios-tributarios\/\">Read more<\/a><\/p>\n","protected":false},"author":27935,"featured_media":2557,"comment_status":"open","ping_status":"open","sticky":false,"template":"","format":"standard","meta":{"footnotes":""},"categories":[13],"tags":[],"class_list":["post-2555","post","type-post","status-publish","format-standard","has-post-thumbnail","hentry","category-noticias"],"_links":{"self":[{"href":"https:\/\/incp.org.co\/agendatributariaincp\/wp-json\/wp\/v2\/posts\/2555","targetHints":{"allow":["GET"]}}],"collection":[{"href":"https:\/\/incp.org.co\/agendatributariaincp\/wp-json\/wp\/v2\/posts"}],"about":[{"href":"https:\/\/incp.org.co\/agendatributariaincp\/wp-json\/wp\/v2\/types\/post"}],"author":[{"embeddable":true,"href":"https:\/\/incp.org.co\/agendatributariaincp\/wp-json\/wp\/v2\/users\/27935"}],"replies":[{"embeddable":true,"href":"https:\/\/incp.org.co\/agendatributariaincp\/wp-json\/wp\/v2\/comments?post=2555"}],"version-history":[{"count":1,"href":"https:\/\/incp.org.co\/agendatributariaincp\/wp-json\/wp\/v2\/posts\/2555\/revisions"}],"predecessor-version":[{"id":2560,"href":"https:\/\/incp.org.co\/agendatributariaincp\/wp-json\/wp\/v2\/posts\/2555\/revisions\/2560"}],"wp:featuredmedia":[{"embeddable":true,"href":"https:\/\/incp.org.co\/agendatributariaincp\/wp-json\/wp\/v2\/media\/2557"}],"wp:attachment":[{"href":"https:\/\/incp.org.co\/agendatributariaincp\/wp-json\/wp\/v2\/media?parent=2555"}],"wp:term":[{"taxonomy":"category","embeddable":true,"href":"https:\/\/incp.org.co\/agendatributariaincp\/wp-json\/wp\/v2\/categories?post=2555"},{"taxonomy":"post_tag","embeddable":true,"href":"https:\/\/incp.org.co\/agendatributariaincp\/wp-json\/wp\/v2\/tags?post=2555"}],"curies":[{"name":"wp","href":"https:\/\/api.w.org\/{rel}","templated":true}]}}