{"id":2575,"date":"2024-10-16T14:05:13","date_gmt":"2024-10-16T19:05:13","guid":{"rendered":"https:\/\/incp.org.co\/agendatributariaincp\/?p=2575"},"modified":"2024-10-16T14:06:27","modified_gmt":"2024-10-16T19:06:27","slug":"dian-modificaria-plazos-para-presentar-la-informacion-exogena-del-2025","status":"publish","type":"post","link":"https:\/\/incp.org.co\/agendatributariaincp\/noticias-incp\/2024\/10\/dian-modificaria-plazos-para-presentar-la-informacion-exogena-del-2025\/","title":{"rendered":"DIAN modificar\u00eda plazos para presentar la informaci\u00f3n ex\u00f3gena del 2025"},"content":{"rendered":"\n<p style=\"text-align:justify\">La Direcci\u00f3n de Impuestos y Aduanas Nacionales (DIAN) public\u00f3 un proyecto de resoluci\u00f3n proponiendo modificar algunas disposiciones establecidas en la Resoluci\u00f3n 000163 de 2023* acerca de los obligados a presentar informaci\u00f3n ex\u00f3gena tributaria y sus plazos de entrega. Puntualmente, el proyecto de resoluci\u00f3n adiciona los siguientes sujetos a la lista de obligados a reportar informaci\u00f3n ex\u00f3gena tributaria por el a\u00f1o gravable 2025:<\/p>\n\n\n\n<ol class=\"wp-block-list\">\n<li style=\"text-align:justify\">Los socios o accionistas, comuneros, asociados, suscriptores y similares que no suministraron la informaci\u00f3n a la persona jur\u00eddica sobre la enajenaci\u00f3n de acciones, cuotas o partes de inter\u00e9s o aportes que no cotizan en bolsa.<\/li>\n\n\n\n<li>El Ministerio de Ciencia, Tecnolog\u00eda e Innovaci\u00f3n (MinCiencias)<\/li>\n\n\n\n<li>El Ministerio de Cultura, las Artes y los Saberes (MinCultura)<\/li>\n\n\n\n<li>La Agencia Presidencial de Cooperaci\u00f3n Internacional de Colombia<\/li>\n\n\n\n<li>El Ministerio del Trabajo (MinTrabajo)<\/li>\n\n\n\n<li>La Unidad de Planeaci\u00f3n Minero \u2013 Energ\u00e9tica (UPME)<\/li>\n\n\n\n<li>La Autoridad Nacional de Licencias Ambientales (ANLA)<\/li>\n\n\n\n<li>Las Corporaciones Aut\u00f3nomas Regionales (CARs)<\/li>\n\n\n\n<li>Las Corporaciones para el Desarrollo Sostenible<\/li>\n\n\n\n<li>Las Autoridades Ambientales de los Grandes Centros Urbanos<\/li>\n<\/ol>\n\n\n\n<p><p style=\"text-align:justify\">Adicionalmente, se propone modificar los plazos de presentaci\u00f3n de la informaci\u00f3n, con el fin de armonizarlos con los plazos establecidos y modificados por el Decreto 1625 de 2016, as\u00ed:<\/p><\/p>\n\n\n\n<figure class=\"wp-block-table aligncenter is-style-regular\"><table><tbody><tr><td class=\"has-text-align-center\" data-align=\"center\" colspan=\"2\"><strong>Grandes contribuyentes<\/strong><\/td><\/tr><tr><td class=\"has-text-align-center\" data-align=\"center\"><strong>\u00daltimo d\u00edgito<\/strong><\/td><td class=\"has-text-align-center\"><strong>Hasta el<\/strong><\/td><\/tr><tr><td class=\"has-text-align-center\" data-align=\"center\">1<\/td><td>D\u00e9cimo s\u00e9ptimo d\u00eda h\u00e1bil del mes de abril<\/td><\/tr><tr><td class=\"has-text-align-center\" data-align=\"center\">2<\/td><td>D\u00e9cimo octavo d\u00eda h\u00e1bil del mes de abril<\/td><\/tr><tr><td class=\"has-text-align-center\" data-align=\"center\">3<\/td><td>Primer d\u00eda h\u00e1bil del mes de mayo<\/td><\/tr><tr><td class=\"has-text-align-center\" data-align=\"center\">4<\/td><td>Segundo d\u00eda h\u00e1bil del mes de mayo<\/td><\/tr><tr><td class=\"has-text-align-center\" data-align=\"center\">5<\/td><td>Tercer d\u00eda h\u00e1bil del mes de mayo<\/td><\/tr><tr><td class=\"has-text-align-center\" data-align=\"center\">6<\/td><td>Cuarto d\u00eda h\u00e1bil del mes de mayo<\/td><\/tr><tr><td class=\"has-text-align-center\" data-align=\"center\">7<\/td><td>Quinto d\u00eda h\u00e1bil del mes de mayo<\/td><\/tr><tr><td class=\"has-text-align-center\" data-align=\"center\">8<\/td><td>Sexto d\u00eda h\u00e1bil del mes de mayo<\/td><\/tr><tr><td class=\"has-text-align-center\" data-align=\"center\">9<\/td><td>S\u00e9timo d\u00eda h\u00e1bil del mes de mayo<\/td><\/tr><tr><td class=\"has-text-align-center\" data-align=\"center\">0<\/td><td>Octavo d\u00eda h\u00e1bil del mes de mayo<\/td><\/tr><\/tbody><\/table><\/figure>\n\n\n\n<figure class=\"wp-block-table aligncenter\"><table><tbody><tr><td class=\"has-text-align-center\" data-align=\"center\" colspan=\"3\"><strong>Personas jur\u00eddicas y naturales<\/strong><\/td><\/tr><tr><td class=\"has-text-align-center\" data-align=\"center\"><strong>\u00daltimos d\u00edgitos<\/strong><\/td><td class=\"has-text-align-center\"><strong>Hasta el<\/strong><\/td><\/tr><tr><td class=\"has-text-align-center\" data-align=\"center\">01 a 05<\/td><td>Noveno d\u00eda h\u00e1bil del mes de mayo<\/td><\/tr><tr><td class=\"has-text-align-center\" data-align=\"center\">06 a 10<\/td><td>D\u00e9cimo d\u00eda h\u00e1bil del mes de mayo<\/td><\/tr><tr><td class=\"has-text-align-center\" data-align=\"center\">11 a 15<\/td><td>D\u00e9cimo primer d\u00eda h\u00e1bil del mes de mayo<\/td><\/tr><tr><td class=\"has-text-align-center\" data-align=\"center\">16 a 20<\/td><td>D\u00e9cimo segundo d\u00eda h\u00e1bil del mes de mayo<\/td><\/tr><tr><td class=\"has-text-align-center\" data-align=\"center\">21 a 25<\/td><td>D\u00e9cimo tercer d\u00eda h\u00e1bil del mes de mayo<\/td><\/tr><tr><td class=\"has-text-align-center\" data-align=\"center\">26 a 30<\/td><td>D\u00e9cimo cuarto d\u00eda h\u00e1bil del mes de mayo<\/td><\/tr><tr><td class=\"has-text-align-center\" data-align=\"center\">31 a 35<\/td><td>D\u00e9cimo quinto d\u00eda h\u00e1bil del mes de mayo<\/td><\/tr><tr><td class=\"has-text-align-center\" data-align=\"center\">36 a 40<\/td><td>D\u00e9cimo sexto d\u00eda h\u00e1bil del mes de mayo<\/td><\/tr><tr><td class=\"has-text-align-center\" data-align=\"center\">41 a 45<\/td><td>D\u00e9cimo s\u00e9ptimo d\u00eda h\u00e1bil del mes de mayo<\/td><\/tr><tr><td class=\"has-text-align-center\" data-align=\"center\">46 a 50<\/td><td>D\u00e9cimo octavo d\u00eda h\u00e1bil del mes de mayo<\/td><\/tr><tr><td class=\"has-text-align-center\" data-align=\"center\">51 a 55<\/td><td>D\u00e9cimo noveno d\u00eda h\u00e1bil del mes de mayo<\/td><\/tr><tr><td class=\"has-text-align-center\" data-align=\"center\">56 a 60<\/td><td>Primer d\u00eda h\u00e1bil del mes de junio<\/td><\/tr><tr><td class=\"has-text-align-center\" data-align=\"center\">61 a 65<\/td><td>Segundo d\u00eda h\u00e1bil del mes de junio<\/td><\/tr><tr><td class=\"has-text-align-center\" data-align=\"center\">66 a 70<\/td><td>Tercer d\u00eda h\u00e1bil del mes de junio<\/td><\/tr><tr><td class=\"has-text-align-center\" data-align=\"center\">71 a 75<\/td><td>Cuarto d\u00eda h\u00e1bil del mes de junio<\/td><\/tr><tr><td class=\"has-text-align-center\" data-align=\"center\">76 a 80<\/td><td>Quinto d\u00eda h\u00e1bil del mes de junio<\/td><\/tr><tr><td class=\"has-text-align-center\" data-align=\"center\">81 a 85<\/td><td>Sexto d\u00eda h\u00e1bil del mes de junio<\/td><\/tr><tr><td class=\"has-text-align-center\" data-align=\"center\">86 a 90<\/td><td>S\u00e9ptimo d\u00eda h\u00e1bil del mes de junio<\/td><\/tr><tr><td class=\"has-text-align-center\" data-align=\"center\">91 a 95<\/td><td>Octavo d\u00eda h\u00e1bil del mes de junio<\/td><\/tr><tr><td class=\"has-text-align-center\" data-align=\"center\">96 a 00<\/td><td>Noveno d\u00eda h\u00e1bil del mes de junio<\/td><\/tr><\/tbody><\/table><\/figure>\n\n\n\n<p><p style=\"text-align:justify\">Cabe resaltar que de aprobarse este proyecto de resoluci\u00f3n, los cambios en el calendario de vencimientos aplicar\u00edan para el a\u00f1o gravable 2025, es decir, para la informaci\u00f3n que se presenta en 2026.<\/p><\/p>\n\n\n\n<p><p style=\"text-align:justify\">Usted podr\u00e1 enviar sus apreciaciones sobre el proyecto hasta el 24 de octubre de 2024 al correo electr\u00f3nico: <a href=\"mailto:analisis@dian.gov.co\">analisis@dian.gov.co<\/a>.<\/p><\/p>\n\n\n\n<p>Para m\u00e1s informaci\u00f3n, consulte el documento adjunto.<\/p>\n\n\n\n<p>Ver: <a href=\"https:\/\/incp.org.co\/agendatributariaincp\/wp-content\/uploads\/2024\/10\/Proyecto-de-resolucion-Cambios-exogena-\u2013-DIAN.pdf\">Proyecto de resoluci\u00f3n cambios ex\u00f3gena \u2013 DIAN<\/a><\/p>\n\n\n\n<p><strong>Redacci\u00f3n INCP<\/strong><\/p>\n\n\n\n<hr class=\"wp-block-separator has-alpha-channel-opacity\"\/>\n\n\n\n<p><a id=\"_msocom_1\"><\/a><\/p>\n","protected":false},"excerpt":{"rendered":"<p>La Direcci\u00f3n de Impuestos y Aduanas Nacionales (DIAN) public\u00f3 un proyecto de resoluci\u00f3n proponiendo modificar algunas disposiciones establecidas en la Resoluci\u00f3n 000163 de 2023* acerca de los obligados a presentar informaci\u00f3n ex\u00f3gena tributaria y sus plazos de entrega. Puntualmente, el proyecto de resoluci\u00f3n adiciona los siguientes sujetos a la lista de obligados a reportar informaci\u00f3n&hellip; <br \/> <a class=\"read-more\" href=\"https:\/\/incp.org.co\/agendatributariaincp\/noticias-incp\/2024\/10\/dian-modificaria-plazos-para-presentar-la-informacion-exogena-del-2025\/\">Read more<\/a><\/p>\n","protected":false},"author":27935,"featured_media":2577,"comment_status":"open","ping_status":"open","sticky":false,"template":"","format":"standard","meta":{"footnotes":""},"categories":[13],"tags":[],"class_list":["post-2575","post","type-post","status-publish","format-standard","has-post-thumbnail","hentry","category-noticias"],"_links":{"self":[{"href":"https:\/\/incp.org.co\/agendatributariaincp\/wp-json\/wp\/v2\/posts\/2575","targetHints":{"allow":["GET"]}}],"collection":[{"href":"https:\/\/incp.org.co\/agendatributariaincp\/wp-json\/wp\/v2\/posts"}],"about":[{"href":"https:\/\/incp.org.co\/agendatributariaincp\/wp-json\/wp\/v2\/types\/post"}],"author":[{"embeddable":true,"href":"https:\/\/incp.org.co\/agendatributariaincp\/wp-json\/wp\/v2\/users\/27935"}],"replies":[{"embeddable":true,"href":"https:\/\/incp.org.co\/agendatributariaincp\/wp-json\/wp\/v2\/comments?post=2575"}],"version-history":[{"count":2,"href":"https:\/\/incp.org.co\/agendatributariaincp\/wp-json\/wp\/v2\/posts\/2575\/revisions"}],"predecessor-version":[{"id":2579,"href":"https:\/\/incp.org.co\/agendatributariaincp\/wp-json\/wp\/v2\/posts\/2575\/revisions\/2579"}],"wp:featuredmedia":[{"embeddable":true,"href":"https:\/\/incp.org.co\/agendatributariaincp\/wp-json\/wp\/v2\/media\/2577"}],"wp:attachment":[{"href":"https:\/\/incp.org.co\/agendatributariaincp\/wp-json\/wp\/v2\/media?parent=2575"}],"wp:term":[{"taxonomy":"category","embeddable":true,"href":"https:\/\/incp.org.co\/agendatributariaincp\/wp-json\/wp\/v2\/categories?post=2575"},{"taxonomy":"post_tag","embeddable":true,"href":"https:\/\/incp.org.co\/agendatributariaincp\/wp-json\/wp\/v2\/tags?post=2575"}],"curies":[{"name":"wp","href":"https:\/\/api.w.org\/{rel}","templated":true}]}}