{"id":2580,"date":"2024-10-17T09:44:17","date_gmt":"2024-10-17T14:44:17","guid":{"rendered":"https:\/\/incp.org.co\/agendatributariaincp\/?p=2580"},"modified":"2024-10-17T09:44:21","modified_gmt":"2024-10-17T14:44:21","slug":"corte-constitucional-declara-exequible-la-tarifa-de-renta-adicional-para-petroleras","status":"publish","type":"post","link":"https:\/\/incp.org.co\/agendatributariaincp\/noticias-incp\/2024\/10\/corte-constitucional-declara-exequible-la-tarifa-de-renta-adicional-para-petroleras\/","title":{"rendered":"Corte Constitucional declara exequible la tarifa de renta adicional para petroleras"},"content":{"rendered":"\n<p><p style=\"text-align:justify\">La Corte Constitucional inform\u00f3, a trav\u00e9s del Comunicado No. 44 de 2024, la declaraci\u00f3n de exequibilidad de los art\u00edculos 10 y 19 de la Ley 2277 de 2022, los cuales establecen que las empresas dedicadas a la extracci\u00f3n de petr\u00f3leo crudo deber\u00e1n contribuir con puntos adicionales a la tarifa general del impuesto sobre la renta conforme a la variaci\u00f3n de los precios internacionales.<\/p><\/p>\n\n\n\n<p><p style=\"text-align:justify\">En su an\u00e1lisis, la Corte explic\u00f3 que la tarifa adicional sobre la extracci\u00f3n de petr\u00f3leo crudo no vulnera el principio de irretroactividad tributaria, ya que no se aplica a a\u00f1os fiscales anteriores a la entrada en vigor de la Ley 2277 de 2022. En este sentido, se respeta la determinaci\u00f3n del periodo fiscal y la liquidaci\u00f3n del impuesto sobre la renta de acuerdo con las normas vigentes y la realidad econ\u00f3mica de cada a\u00f1o, conforme a la jurisprudencia constitucional.<\/p><\/p>\n\n\n\n<p>Para m\u00e1s informaci\u00f3n, consulte el documento adjunto.<\/p>\n\n\n\n<p>Ver: <a href=\"https:\/\/incp.org.co\/wp-content\/uploads\/2024\/10\/Comunicado-No.-44-de-2024-\u2013-Corte-Constitucional.pdf\">Comunicado No. 44 de 2024 \u2013 Corte Constitucional<\/a><\/p>\n\n\n\n<p><strong>Redacci\u00f3n INCP<\/strong><\/p>\n","protected":false},"excerpt":{"rendered":"<p>La Corte Constitucional inform\u00f3, a trav\u00e9s del Comunicado No. 44 de 2024, la declaraci\u00f3n de exequibilidad de los art\u00edculos 10 y 19 de la Ley 2277 de 2022, los cuales establecen que las empresas dedicadas a la extracci\u00f3n de petr\u00f3leo crudo deber\u00e1n contribuir con puntos adicionales a la tarifa general del impuesto sobre la renta&hellip; <br \/> <a class=\"read-more\" href=\"https:\/\/incp.org.co\/agendatributariaincp\/noticias-incp\/2024\/10\/corte-constitucional-declara-exequible-la-tarifa-de-renta-adicional-para-petroleras\/\">Read more<\/a><\/p>\n","protected":false},"author":27935,"featured_media":2583,"comment_status":"open","ping_status":"open","sticky":false,"template":"","format":"standard","meta":{"footnotes":""},"categories":[13],"tags":[],"class_list":["post-2580","post","type-post","status-publish","format-standard","has-post-thumbnail","hentry","category-noticias"],"_links":{"self":[{"href":"https:\/\/incp.org.co\/agendatributariaincp\/wp-json\/wp\/v2\/posts\/2580","targetHints":{"allow":["GET"]}}],"collection":[{"href":"https:\/\/incp.org.co\/agendatributariaincp\/wp-json\/wp\/v2\/posts"}],"about":[{"href":"https:\/\/incp.org.co\/agendatributariaincp\/wp-json\/wp\/v2\/types\/post"}],"author":[{"embeddable":true,"href":"https:\/\/incp.org.co\/agendatributariaincp\/wp-json\/wp\/v2\/users\/27935"}],"replies":[{"embeddable":true,"href":"https:\/\/incp.org.co\/agendatributariaincp\/wp-json\/wp\/v2\/comments?post=2580"}],"version-history":[{"count":1,"href":"https:\/\/incp.org.co\/agendatributariaincp\/wp-json\/wp\/v2\/posts\/2580\/revisions"}],"predecessor-version":[{"id":2585,"href":"https:\/\/incp.org.co\/agendatributariaincp\/wp-json\/wp\/v2\/posts\/2580\/revisions\/2585"}],"wp:featuredmedia":[{"embeddable":true,"href":"https:\/\/incp.org.co\/agendatributariaincp\/wp-json\/wp\/v2\/media\/2583"}],"wp:attachment":[{"href":"https:\/\/incp.org.co\/agendatributariaincp\/wp-json\/wp\/v2\/media?parent=2580"}],"wp:term":[{"taxonomy":"category","embeddable":true,"href":"https:\/\/incp.org.co\/agendatributariaincp\/wp-json\/wp\/v2\/categories?post=2580"},{"taxonomy":"post_tag","embeddable":true,"href":"https:\/\/incp.org.co\/agendatributariaincp\/wp-json\/wp\/v2\/tags?post=2580"}],"curies":[{"name":"wp","href":"https:\/\/api.w.org\/{rel}","templated":true}]}}