{"id":2598,"date":"2024-10-23T16:24:17","date_gmt":"2024-10-23T21:24:17","guid":{"rendered":"https:\/\/incp.org.co\/agendatributariaincp\/?p=2598"},"modified":"2024-10-29T16:30:05","modified_gmt":"2024-10-29T21:30:05","slug":"determinacion-del-costo-fiscal-en-las-enajenaciones-indirectas","status":"publish","type":"post","link":"https:\/\/incp.org.co\/agendatributariaincp\/noticias-incp\/2024\/10\/determinacion-del-costo-fiscal-en-las-enajenaciones-indirectas\/","title":{"rendered":"Determinaci\u00f3n del costo fiscal en las enajenaciones indirectas"},"content":{"rendered":"\n<figure class=\"wp-block-embed is-type-video is-provider-youtube wp-block-embed-youtube wp-embed-aspect-16-9 wp-has-aspect-ratio\"><div class=\"wp-block-embed__wrapper\">\n<div class='embed-container'><iframe loading=\"lazy\" title=\"Determinaci\u00f3n del costo fiscal en las enajenaciones indirectas\" width=\"1920\" height=\"1080\" src=\"https:\/\/www.youtube.com\/embed\/hrGFuKlOC0I?feature=oembed\" frameborder=\"0\" allow=\"accelerometer; autoplay; clipboard-write; encrypted-media; gyroscope; picture-in-picture; web-share\" referrerpolicy=\"strict-origin-when-cross-origin\" allowfullscreen><\/iframe><\/div>\n<\/div><\/figure>\n\n\n\n<p><p style=\"text-align:justify\">La Direcci\u00f3n de Impuestos y Aduanas Nacionales (DIAN) public\u00f3 el Concepto No. 803 del 23 de septiembre de 2024, en el cual absolvi\u00f3 la siguiente consulta:<\/p><\/p>\n\n\n\n<p><p style=\"text-align:justify\"><strong>\u00bfCu\u00e1l es el r\u00e9gimen normativo aplicable a efectos de determinar el costo fiscal de las enajenaciones indirectas?<\/strong><\/p><\/p>\n\n\n\n<p><p style=\"text-align:justify\">En primera medida, la DIAN record\u00f3 que el art\u00edculo 90-3 del Estatuto Tributario (E.T.) establece el r\u00e9gimen para las enajenaciones indirectas, precisando que el costo fiscal aplicable al activo subyacente en estas operaciones ser\u00e1 el que declare el tenedor del activo subyacente como si lo hubiera enajenado directamente en el pa\u00eds. Seguidamente, se\u00f1al\u00f3 que esta disposici\u00f3n est\u00e1 reglamentada por el art\u00edculo 1.2.1.26.4 del Decreto \u00danico Reglamentario (DUR) 1625 de 2016, el cual indica que el costo fiscal ser\u00e1 el que deba declarar el propietario del activo subyacente seg\u00fan las normas del Libro I T\u00edtulo I Cap\u00edtulo II del E.T. o las que lo modifiquen, adicionen o sustituyan.<\/p><\/p>\n\n\n\n<p class=\"wp-embed-aspect-16-9 wp-has-aspect-ratio\">Para m\u00e1s informaci\u00f3n, consulte el documento adjunto.<\/p>\n\n\n\n<p class=\"wp-embed-aspect-16-9 wp-has-aspect-ratio\">Ver: <a href=\"https:\/\/incp.org.co\/agendatributariaincp\/wp-content\/uploads\/2024\/10\/Concepto-No.-803-del-23-de-septiembre-de-2024-\u2013-DIAN.pdf\">Concepto No. 803 del 23 de septiembre de 2024 \u2013 DIAN<\/a><\/p>\n\n\n\n<p class=\"wp-embed-aspect-16-9 wp-has-aspect-ratio\"><strong>Redacci\u00f3n INCP<\/strong><\/p>\n\n\n\n<hr class=\"wp-block-separator has-alpha-channel-opacity wp-embed-aspect-16-9 wp-has-aspect-ratio\"\/>\n\n\n\n<p class=\"wp-embed-aspect-16-9 wp-has-aspect-ratio\"><\/p>\n","protected":false},"excerpt":{"rendered":"<p>La Direcci\u00f3n de Impuestos y Aduanas Nacionales (DIAN) public\u00f3 el Concepto No. 803 del 23 de septiembre de 2024, en el cual absolvi\u00f3 la siguiente consulta: \u00bfCu\u00e1l es el r\u00e9gimen normativo aplicable a efectos de determinar el costo fiscal de las enajenaciones indirectas? En primera medida, la DIAN record\u00f3 que el art\u00edculo 90-3 del Estatuto&hellip; <br \/> <a class=\"read-more\" href=\"https:\/\/incp.org.co\/agendatributariaincp\/noticias-incp\/2024\/10\/determinacion-del-costo-fiscal-en-las-enajenaciones-indirectas\/\">Read more<\/a><\/p>\n","protected":false},"author":27935,"featured_media":2600,"comment_status":"open","ping_status":"open","sticky":false,"template":"","format":"standard","meta":{"footnotes":""},"categories":[13],"tags":[],"class_list":["post-2598","post","type-post","status-publish","format-standard","has-post-thumbnail","hentry","category-noticias"],"_links":{"self":[{"href":"https:\/\/incp.org.co\/agendatributariaincp\/wp-json\/wp\/v2\/posts\/2598","targetHints":{"allow":["GET"]}}],"collection":[{"href":"https:\/\/incp.org.co\/agendatributariaincp\/wp-json\/wp\/v2\/posts"}],"about":[{"href":"https:\/\/incp.org.co\/agendatributariaincp\/wp-json\/wp\/v2\/types\/post"}],"author":[{"embeddable":true,"href":"https:\/\/incp.org.co\/agendatributariaincp\/wp-json\/wp\/v2\/users\/27935"}],"replies":[{"embeddable":true,"href":"https:\/\/incp.org.co\/agendatributariaincp\/wp-json\/wp\/v2\/comments?post=2598"}],"version-history":[{"count":1,"href":"https:\/\/incp.org.co\/agendatributariaincp\/wp-json\/wp\/v2\/posts\/2598\/revisions"}],"predecessor-version":[{"id":2601,"href":"https:\/\/incp.org.co\/agendatributariaincp\/wp-json\/wp\/v2\/posts\/2598\/revisions\/2601"}],"wp:featuredmedia":[{"embeddable":true,"href":"https:\/\/incp.org.co\/agendatributariaincp\/wp-json\/wp\/v2\/media\/2600"}],"wp:attachment":[{"href":"https:\/\/incp.org.co\/agendatributariaincp\/wp-json\/wp\/v2\/media?parent=2598"}],"wp:term":[{"taxonomy":"category","embeddable":true,"href":"https:\/\/incp.org.co\/agendatributariaincp\/wp-json\/wp\/v2\/categories?post=2598"},{"taxonomy":"post_tag","embeddable":true,"href":"https:\/\/incp.org.co\/agendatributariaincp\/wp-json\/wp\/v2\/tags?post=2598"}],"curies":[{"name":"wp","href":"https:\/\/api.w.org\/{rel}","templated":true}]}}