{"id":2614,"date":"2024-10-28T16:41:56","date_gmt":"2024-10-28T21:41:56","guid":{"rendered":"https:\/\/incp.org.co\/agendatributariaincp\/?p=2614"},"modified":"2024-10-29T16:43:03","modified_gmt":"2024-10-29T21:43:03","slug":"la-arepa-esta-gravada-con-el-impuesto-a-productos-ultraprocesados","status":"publish","type":"post","link":"https:\/\/incp.org.co\/agendatributariaincp\/noticias-incp\/2024\/10\/la-arepa-esta-gravada-con-el-impuesto-a-productos-ultraprocesados\/","title":{"rendered":"\u00bfLa arepa est\u00e1 gravada con el impuesto a productos ultraprocesados?"},"content":{"rendered":"\n<figure class=\"wp-block-embed is-type-video is-provider-youtube wp-block-embed-youtube wp-embed-aspect-16-9 wp-has-aspect-ratio\"><div class=\"wp-block-embed__wrapper\">\n<div class='embed-container'><iframe loading=\"lazy\" title=\"La arepa est\u00e1 gravada con el impuesto a productos ultraprocesados\" width=\"1920\" height=\"1080\" src=\"https:\/\/www.youtube.com\/embed\/I-rmG2vBxgE?feature=oembed\" frameborder=\"0\" allow=\"accelerometer; autoplay; clipboard-write; encrypted-media; gyroscope; picture-in-picture; web-share\" referrerpolicy=\"strict-origin-when-cross-origin\" allowfullscreen><\/iframe><\/div>\n<\/div><\/figure>\n\n\n\n<p><p style=\"text-align:justify\">La Direcci\u00f3n de Impuestos y Aduanas Nacionales (DIAN) public\u00f3 el Concepto No. 664 de 2024, en el cual respondi\u00f3 la consulta de si la arepa se encuentra gravada con el Impuesto a los productos comestibles ultraprocesados industrialmente y\/o con alto contenido de az\u00facares a\u00f1adidos, sodio o grasas saturadas (ICUI).<\/p><\/p>\n\n\n\n<p><p style=\"text-align:justify\">En primera estancia, la administraci\u00f3n tributaria record\u00f3 cada uno de los supuestos que debe cumplir un producto para que se considere gravado con el ICUI, los cuales est\u00e1n expuestos en el art\u00edculo 513-6 del Estatuto Tributario (E.T.):<\/p><\/p>\n\n\n\n<ol class=\"wp-block-list\" style=\"list-style-type:lower-roman\">\n<li style=\"text-align:justify\">Que se trate de un producto comestible, como lo se\u00f1ala el nombre del impuesto.<\/li>\n\n\n\n<li style=\"text-align:justify\">Que se encuentre dentro de la lista de partidas y subpartidas arancelarias gravadas que consagra el art\u00edculo 513-6 del E.T..<\/li>\n\n\n\n<li style=\"text-align:justify\">Que sea considerado un producto ultraprocesado industrialmente; es decir, que sea elaborado a partir de sustancias derivadas de los alimentos o sintetizadas de otras fuentes org\u00e1nicas, en los t\u00e9rminos del mismo art\u00edculo 513-6.<\/li>\n\n\n\n<li style=\"text-align:justify\">Que se le haya adicionado como ingredientes: (i) sal o sodio, (ii) az\u00facares y\/o (iii) grasas y que los valores de dichos ingredientes correspondan a los indicados en la ley.<\/li>\n<\/ol>\n\n\n\n<p><p style=\"text-align:justify\">As\u00ed bien, para que un producto sea gravado con ICUI debe cumplir con todos y cada uno de los supuestos se\u00f1alados en la norma, es decir, que para el caso de la \u201carepa\u201d y otros productos comestibles se debe hacer el respectivo an\u00e1lisis correspondiente.<\/p><\/p>\n\n\n\n<p>Para m\u00e1s informaci\u00f3n, consulte el documento adjunto.<\/p>\n\n\n\n<p>Ver: <a href=\"https:\/\/incp.org.co\/agendatributariaincp\/wp-content\/uploads\/2024\/10\/Concepto-No.-664-de-2024-\u2013-DIAN.pdf\">Concepto No. 664 de 2024 \u2013 DIAN<\/a><\/p>\n\n\n\n<p><strong>Redacci\u00f3n INCP<\/strong><\/p>\n\n\n\n<hr class=\"wp-block-separator has-alpha-channel-opacity\"\/>\n\n\n\n<p><\/p>\n","protected":false},"excerpt":{"rendered":"<p>La Direcci\u00f3n de Impuestos y Aduanas Nacionales (DIAN) public\u00f3 el Concepto No. 664 de 2024, en el cual respondi\u00f3 la consulta de si la arepa se encuentra gravada con el Impuesto a los productos comestibles ultraprocesados industrialmente y\/o con alto contenido de az\u00facares a\u00f1adidos, sodio o grasas saturadas (ICUI). En primera estancia, la administraci\u00f3n tributaria&hellip; <br \/> <a class=\"read-more\" href=\"https:\/\/incp.org.co\/agendatributariaincp\/noticias-incp\/2024\/10\/la-arepa-esta-gravada-con-el-impuesto-a-productos-ultraprocesados\/\">Read more<\/a><\/p>\n","protected":false},"author":27935,"featured_media":2618,"comment_status":"open","ping_status":"open","sticky":false,"template":"","format":"standard","meta":{"footnotes":""},"categories":[13],"tags":[],"class_list":["post-2614","post","type-post","status-publish","format-standard","has-post-thumbnail","hentry","category-noticias"],"_links":{"self":[{"href":"https:\/\/incp.org.co\/agendatributariaincp\/wp-json\/wp\/v2\/posts\/2614","targetHints":{"allow":["GET"]}}],"collection":[{"href":"https:\/\/incp.org.co\/agendatributariaincp\/wp-json\/wp\/v2\/posts"}],"about":[{"href":"https:\/\/incp.org.co\/agendatributariaincp\/wp-json\/wp\/v2\/types\/post"}],"author":[{"embeddable":true,"href":"https:\/\/incp.org.co\/agendatributariaincp\/wp-json\/wp\/v2\/users\/27935"}],"replies":[{"embeddable":true,"href":"https:\/\/incp.org.co\/agendatributariaincp\/wp-json\/wp\/v2\/comments?post=2614"}],"version-history":[{"count":1,"href":"https:\/\/incp.org.co\/agendatributariaincp\/wp-json\/wp\/v2\/posts\/2614\/revisions"}],"predecessor-version":[{"id":2621,"href":"https:\/\/incp.org.co\/agendatributariaincp\/wp-json\/wp\/v2\/posts\/2614\/revisions\/2621"}],"wp:featuredmedia":[{"embeddable":true,"href":"https:\/\/incp.org.co\/agendatributariaincp\/wp-json\/wp\/v2\/media\/2618"}],"wp:attachment":[{"href":"https:\/\/incp.org.co\/agendatributariaincp\/wp-json\/wp\/v2\/media?parent=2614"}],"wp:term":[{"taxonomy":"category","embeddable":true,"href":"https:\/\/incp.org.co\/agendatributariaincp\/wp-json\/wp\/v2\/categories?post=2614"},{"taxonomy":"post_tag","embeddable":true,"href":"https:\/\/incp.org.co\/agendatributariaincp\/wp-json\/wp\/v2\/tags?post=2614"}],"curies":[{"name":"wp","href":"https:\/\/api.w.org\/{rel}","templated":true}]}}