{"id":2631,"date":"2024-10-31T10:22:23","date_gmt":"2024-10-31T15:22:23","guid":{"rendered":"https:\/\/incp.org.co\/agendatributariaincp\/?p=2631"},"modified":"2024-10-31T10:22:24","modified_gmt":"2024-10-31T15:22:24","slug":"calculo-del-rango-no-gravado-con-impuesto-al-consumo-en-los-servicios-de-telefonia-movil","status":"publish","type":"post","link":"https:\/\/incp.org.co\/agendatributariaincp\/noticias-incp\/2024\/10\/calculo-del-rango-no-gravado-con-impuesto-al-consumo-en-los-servicios-de-telefonia-movil\/","title":{"rendered":"C\u00e1lculo del rango no gravado con impuesto al consumo en los servicios de telefon\u00eda m\u00f3vil"},"content":{"rendered":"\n<p><p style=\"text-align:justify\">La direcci\u00f3n de Impuestos y Aduanas Nacionales (DIAN) public\u00f3 el Concepto No. 828 de 2024, en el cual se pronunci\u00f3 sobre si el rango del servicio en unidades de valor tributario (UVT) no gravado de los servicios de datos, internet y navegaci\u00f3n m\u00f3vil se debe calcular de manera individual para cada plan de telefon\u00eda m\u00f3vil o sobre el total facturado.<\/p><\/p>\n\n\n\n<p><p style=\"text-align:justify\">En primera medida, la DIAN record\u00f3 que, de acuerdo con el inciso 1 del art\u00edculo 512-1 y el art\u00edculo 512-2 del Estatuto Tributario (E.T.), la prestaci\u00f3n de los servicios de telefon\u00eda m\u00f3vil, internet y navegaci\u00f3n m\u00f3vil, y servicio de datos se encuentra gravada con el impuesto nacional al consumo a una tarifa del 4&nbsp;% sobre la totalidad del servicio, sin incluir el impuesto sobre las ventas, y la base gravable sobre la cual se debe aplicar dicha tarifa corresponder\u00e1 al monto que exceda del valor correspondiente a 1,5 UVT mensual.<\/p><\/p>\n\n\n\n<p><p style=\"text-align:justify\">Por \u00faltimo, la DIAN aclar\u00f3 que el rango del servicio no gravado se deber\u00e1 calcular solamente con respecto al servicio de datos, internet y navegaci\u00f3n m\u00f3vil sin incluir el valor correspondiente al servicio de telefon\u00eda m\u00f3vil, es decir, de manera individual y no sobre la totalidad del valor del servicio facturado.<\/p><\/p>\n\n\n\n<p>Para m\u00e1s informaci\u00f3n, consulte el documento adjunto.<\/p>\n\n\n\n<p>Ver: <a href=\"https:\/\/incp.org.co\/agendatributariaincp\/wp-content\/uploads\/2024\/10\/Concepto-No.-828-de-2024-\u2013-DIAN.pdf\">Concepto No. 828 de 2024 \u2013 DIAN<\/a><\/p>\n\n\n\n<p><strong>Redacci\u00f3n INCP<\/strong><\/p>\n\n\n\n<hr class=\"wp-block-separator has-alpha-channel-opacity\"\/>\n\n\n\n<p><\/p>\n","protected":false},"excerpt":{"rendered":"<p>La direcci\u00f3n de Impuestos y Aduanas Nacionales (DIAN) public\u00f3 el Concepto No. 828 de 2024, en el cual se pronunci\u00f3 sobre si el rango del servicio en unidades de valor tributario (UVT) no gravado de los servicios de datos, internet y navegaci\u00f3n m\u00f3vil se debe calcular de manera individual para cada plan de telefon\u00eda m\u00f3vil&hellip; <br \/> <a class=\"read-more\" href=\"https:\/\/incp.org.co\/agendatributariaincp\/noticias-incp\/2024\/10\/calculo-del-rango-no-gravado-con-impuesto-al-consumo-en-los-servicios-de-telefonia-movil\/\">Read more<\/a><\/p>\n","protected":false},"author":27935,"featured_media":2636,"comment_status":"open","ping_status":"open","sticky":false,"template":"","format":"standard","meta":{"footnotes":""},"categories":[13],"tags":[],"class_list":["post-2631","post","type-post","status-publish","format-standard","has-post-thumbnail","hentry","category-noticias"],"_links":{"self":[{"href":"https:\/\/incp.org.co\/agendatributariaincp\/wp-json\/wp\/v2\/posts\/2631","targetHints":{"allow":["GET"]}}],"collection":[{"href":"https:\/\/incp.org.co\/agendatributariaincp\/wp-json\/wp\/v2\/posts"}],"about":[{"href":"https:\/\/incp.org.co\/agendatributariaincp\/wp-json\/wp\/v2\/types\/post"}],"author":[{"embeddable":true,"href":"https:\/\/incp.org.co\/agendatributariaincp\/wp-json\/wp\/v2\/users\/27935"}],"replies":[{"embeddable":true,"href":"https:\/\/incp.org.co\/agendatributariaincp\/wp-json\/wp\/v2\/comments?post=2631"}],"version-history":[{"count":1,"href":"https:\/\/incp.org.co\/agendatributariaincp\/wp-json\/wp\/v2\/posts\/2631\/revisions"}],"predecessor-version":[{"id":2638,"href":"https:\/\/incp.org.co\/agendatributariaincp\/wp-json\/wp\/v2\/posts\/2631\/revisions\/2638"}],"wp:featuredmedia":[{"embeddable":true,"href":"https:\/\/incp.org.co\/agendatributariaincp\/wp-json\/wp\/v2\/media\/2636"}],"wp:attachment":[{"href":"https:\/\/incp.org.co\/agendatributariaincp\/wp-json\/wp\/v2\/media?parent=2631"}],"wp:term":[{"taxonomy":"category","embeddable":true,"href":"https:\/\/incp.org.co\/agendatributariaincp\/wp-json\/wp\/v2\/categories?post=2631"},{"taxonomy":"post_tag","embeddable":true,"href":"https:\/\/incp.org.co\/agendatributariaincp\/wp-json\/wp\/v2\/tags?post=2631"}],"curies":[{"name":"wp","href":"https:\/\/api.w.org\/{rel}","templated":true}]}}