{"id":2639,"date":"2024-10-31T10:23:46","date_gmt":"2024-10-31T15:23:46","guid":{"rendered":"https:\/\/incp.org.co\/agendatributariaincp\/?p=2639"},"modified":"2026-02-19T07:53:22","modified_gmt":"2026-02-19T12:53:22","slug":"se-ajustaran-los-avaluos-para-el-impuesto-predial-de-bogota-del-ano-2025","status":"publish","type":"post","link":"https:\/\/incp.org.co\/agendatributariaincp\/noticias-incp\/2024\/10\/se-ajustaran-los-avaluos-para-el-impuesto-predial-de-bogota-del-ano-2025\/","title":{"rendered":"Se ajustar\u00e1n los aval\u00faos para el impuesto predial de Bogot\u00e1 del a\u00f1o 2025"},"content":{"rendered":"\n<p><p style=\"text-align:justify\">La Secretar\u00eda Distrital de Hacienda (SDH) public\u00f3 un proyecto de resoluci\u00f3n*, con el cual pretende ajustar los rangos del aval\u00fao catastral de los predios residenciales urbanos y no residenciales para la determinaci\u00f3n del impuesto predial unificado del a\u00f1o gravable 2025 en Bogot\u00e1.<\/p><\/p>\n\n\n\n<p><p style=\"text-align:justify\">Estos ajustes se dar\u00edan en el marco de la actualizaci\u00f3n anual de dichos rangos, teniendo en cuenta la variaci\u00f3n del \u00edndice de precio de vivienda nueva (IPVN) con corte a junio de 2024, el cual fue publicado por el Departamento Administrativo Nacional de Estad\u00edstica (DANE) y se ubic\u00f3 en 10,91&nbsp;%.<\/p><\/p>\n\n\n\n<p><p style=\"text-align:justify\">Usted puede enviar sus comentarios a este proyecto de resoluci\u00f3n hasta el 6 de noviembre de 2024, haciendo clic <a href=\"https:\/\/legalbog.secretariajuridica.gov.co\/regimen-legal-publico#\/acto-admin-publico\/1169\">aqu\u00ed<\/a>.<\/p><\/p>\n\n\n\n<p>Para m\u00e1s informaci\u00f3n, consulte el documento adjunto.<\/p>\n\n\n\n<p>Ver: <a href=\"https:\/\/incp.org.co\/agendatributariaincp\/wp-content\/uploads\/2024\/10\/Proyecto-de-resolucion-Ajuste-rangos-avaluo-catastral-\u2013-SDH.pdf\">Proyecto de resoluci\u00f3n Ajuste rangos aval\u00fao catastral \u2013 SDH<\/a><\/p>\n\n\n\n<p><p style=\"text-align:justify\"><em>*Por la cual se ajustan para el a\u00f1o gravable 2025 los rangos del aval\u00fao catastral determinantes de la tarifa del impuesto predial unificado<\/em><\/p><\/p>\n\n\n\n<p><strong>Redacci\u00f3n INCP<\/strong><\/p>\n\n\n\n<hr class=\"wp-block-separator has-alpha-channel-opacity\"\/>\n\n\n\n<p><\/p>\n","protected":false},"excerpt":{"rendered":"<p>La Secretar\u00eda Distrital de Hacienda (SDH) public\u00f3 un proyecto de resoluci\u00f3n*, con el cual pretende ajustar los rangos del aval\u00fao catastral de los predios residenciales urbanos y no residenciales para la determinaci\u00f3n del impuesto predial unificado del a\u00f1o gravable 2025 en Bogot\u00e1. Estos ajustes se dar\u00edan en el marco de la actualizaci\u00f3n anual de dichos&hellip; <br \/> <a class=\"read-more\" href=\"https:\/\/incp.org.co\/agendatributariaincp\/noticias-incp\/2024\/10\/se-ajustaran-los-avaluos-para-el-impuesto-predial-de-bogota-del-ano-2025\/\">Read more<\/a><\/p>\n","protected":false},"author":27935,"featured_media":2635,"comment_status":"open","ping_status":"open","sticky":false,"template":"","format":"standard","meta":{"footnotes":""},"categories":[13],"tags":[],"class_list":["post-2639","post","type-post","status-publish","format-standard","has-post-thumbnail","hentry","category-noticias"],"_links":{"self":[{"href":"https:\/\/incp.org.co\/agendatributariaincp\/wp-json\/wp\/v2\/posts\/2639","targetHints":{"allow":["GET"]}}],"collection":[{"href":"https:\/\/incp.org.co\/agendatributariaincp\/wp-json\/wp\/v2\/posts"}],"about":[{"href":"https:\/\/incp.org.co\/agendatributariaincp\/wp-json\/wp\/v2\/types\/post"}],"author":[{"embeddable":true,"href":"https:\/\/incp.org.co\/agendatributariaincp\/wp-json\/wp\/v2\/users\/27935"}],"replies":[{"embeddable":true,"href":"https:\/\/incp.org.co\/agendatributariaincp\/wp-json\/wp\/v2\/comments?post=2639"}],"version-history":[{"count":2,"href":"https:\/\/incp.org.co\/agendatributariaincp\/wp-json\/wp\/v2\/posts\/2639\/revisions"}],"predecessor-version":[{"id":2643,"href":"https:\/\/incp.org.co\/agendatributariaincp\/wp-json\/wp\/v2\/posts\/2639\/revisions\/2643"}],"wp:featuredmedia":[{"embeddable":true,"href":"https:\/\/incp.org.co\/agendatributariaincp\/wp-json\/wp\/v2\/media\/2635"}],"wp:attachment":[{"href":"https:\/\/incp.org.co\/agendatributariaincp\/wp-json\/wp\/v2\/media?parent=2639"}],"wp:term":[{"taxonomy":"category","embeddable":true,"href":"https:\/\/incp.org.co\/agendatributariaincp\/wp-json\/wp\/v2\/categories?post=2639"},{"taxonomy":"post_tag","embeddable":true,"href":"https:\/\/incp.org.co\/agendatributariaincp\/wp-json\/wp\/v2\/tags?post=2639"}],"curies":[{"name":"wp","href":"https:\/\/api.w.org\/{rel}","templated":true}]}}