{"id":2641,"date":"2024-10-31T10:25:31","date_gmt":"2024-10-31T15:25:31","guid":{"rendered":"https:\/\/incp.org.co\/agendatributariaincp\/?p=2641"},"modified":"2026-02-19T07:53:23","modified_gmt":"2026-02-19T12:53:23","slug":"debe-tenerse-en-cuenta-la-diferencia-en-cambio-para-calcular-la-tasa-de-tributacion-depurada","status":"publish","type":"post","link":"https:\/\/incp.org.co\/agendatributariaincp\/noticias-incp\/2024\/10\/debe-tenerse-en-cuenta-la-diferencia-en-cambio-para-calcular-la-tasa-de-tributacion-depurada\/","title":{"rendered":"\u00bfDebe tenerse en cuenta la diferencia en cambio para calcular la Tasa de Tributaci\u00f3n Depurada?"},"content":{"rendered":"\n<p><p style=\"text-align:justify\">La Direcci\u00f3n de Impuestos y Aduanas Nacionales (DIAN) public\u00f3 el Concepto No. 892 del 18 de octubre de 2024, con el cual absolvi\u00f3 la siguiente consulta y realiz\u00f3 la decimos\u00e9ptima adici\u00f3n al Concepto General sobre el impuesto sobre la renta a cargo de las personas jur\u00eddicas con motivo de la Ley 2277 de 2022:<\/p><\/p>\n\n\n\n<p><p style=\"text-align:justify\"><strong>\u00bfDebe tenerse en cuenta la diferencia en cambio regulada en el art\u00edculo 288 del Estatuto Tributario (E.T.) para efectos de calcular la Tasa de Tributaci\u00f3n Depurada (TTD) de acuerdo con el par\u00e1grafo 6 del art\u00edculo 240 del E.T.?<\/strong><\/p><\/p>\n\n\n\n<p><p style=\"text-align:justify\">En primera medida, la DIAN aclar\u00f3 que la diferencia en cambio se refiere a las fluctuaciones en el valor de los activos o pasivos en moneda extranjera debido a las variaciones en el tipo de cambio. Para efectos fiscales, la diferencia en cambio se rige por el art\u00edculo 288 del E.T., el cual indica que esta puede ser un ingreso o una deducci\u00f3n dependiendo del caso. Seg\u00fan la administraci\u00f3n tributaria, para efectos contables, la diferencia en cambio puede afectar el estado de resultado del periodo o el otro resultado integral (ORI) del contribuyente.<\/p><\/p>\n\n\n\n<p><p style=\"text-align:justify\">Con base en lo anterior, la DIAN concluy\u00f3 que la diferencia en cambio tendr\u00e1 impacto en la TTD solamente en los siguientes casos:<\/p><\/p>\n\n\n\n<ol class=\"wp-block-list\">\n<li style=\"text-align:justify\">Cuando ocurre la liquidaci\u00f3n, enajenaci\u00f3n o abono del activo o pasivo y puede determinarse si hay un ingreso o una deducci\u00f3n fiscal. En este caso, se impacta la renta l\u00edquida gravable y, por tanto, el impuesto neto de renta. As\u00ed bien, al ser el impuesto neto de renta (INR) una variable de c\u00e1lculo del numerador de la TTD, cualquier aumento o disminuci\u00f3n de este, incide en el c\u00e1lculo de la TTD.<\/li>\n\n\n\n<li style=\"text-align:justify\">Cuando la diferencia en cambio se reconoce contablemente en el estado de resultado del periodo. En este caso, se impacta la utilidad contable (UC). As\u00ed bien, al ser la UC una variable de c\u00e1lculo del denominador de la TTD, cualquier aumento o disminuci\u00f3n de esta, incide en el c\u00e1lculo de la TTD.<\/li>\n<\/ol>\n\n\n\n<p><p style=\"text-align:justify\">Por \u00faltimo, la DIAN aclar\u00f3 que si la diferencia en cambio se reconoce en el ORI no impacta el c\u00e1lculo de la TTD, ya que no se est\u00e1 afectando ninguna variable relacionada con su c\u00e1lculo.<\/p><\/p>\n\n\n\n<p>Para m\u00e1s informaci\u00f3n, consulte el documento adjunto.<\/p>\n\n\n\n<p>Ver: <a href=\"https:\/\/incp.org.co\/wp-content\/uploads\/2024\/10\/Concepto-No.-892-del-18-de-octubre-de-2024-\u2013-DIAN.pdf\">Concepto No. 892 del 18 de octubre de 2024 \u2013 DIAN<\/a><\/p>\n\n\n\n<p><strong>Redacci\u00f3n INCP<\/strong><\/p>\n\n\n\n<hr class=\"wp-block-separator has-alpha-channel-opacity\"\/>\n\n\n\n<p><\/p>\n","protected":false},"excerpt":{"rendered":"<p>La Direcci\u00f3n de Impuestos y Aduanas Nacionales (DIAN) public\u00f3 el Concepto No. 892 del 18 de octubre de 2024, con el cual absolvi\u00f3 la siguiente consulta y realiz\u00f3 la decimos\u00e9ptima adici\u00f3n al Concepto General sobre el impuesto sobre la renta a cargo de las personas jur\u00eddicas con motivo de la Ley 2277 de 2022: \u00bfDebe&hellip; <br \/> <a class=\"read-more\" href=\"https:\/\/incp.org.co\/agendatributariaincp\/noticias-incp\/2024\/10\/debe-tenerse-en-cuenta-la-diferencia-en-cambio-para-calcular-la-tasa-de-tributacion-depurada\/\">Read more<\/a><\/p>\n","protected":false},"author":27935,"featured_media":2634,"comment_status":"open","ping_status":"open","sticky":false,"template":"","format":"standard","meta":{"footnotes":""},"categories":[13],"tags":[],"class_list":["post-2641","post","type-post","status-publish","format-standard","has-post-thumbnail","hentry","category-noticias"],"_links":{"self":[{"href":"https:\/\/incp.org.co\/agendatributariaincp\/wp-json\/wp\/v2\/posts\/2641","targetHints":{"allow":["GET"]}}],"collection":[{"href":"https:\/\/incp.org.co\/agendatributariaincp\/wp-json\/wp\/v2\/posts"}],"about":[{"href":"https:\/\/incp.org.co\/agendatributariaincp\/wp-json\/wp\/v2\/types\/post"}],"author":[{"embeddable":true,"href":"https:\/\/incp.org.co\/agendatributariaincp\/wp-json\/wp\/v2\/users\/27935"}],"replies":[{"embeddable":true,"href":"https:\/\/incp.org.co\/agendatributariaincp\/wp-json\/wp\/v2\/comments?post=2641"}],"version-history":[{"count":1,"href":"https:\/\/incp.org.co\/agendatributariaincp\/wp-json\/wp\/v2\/posts\/2641\/revisions"}],"predecessor-version":[{"id":2642,"href":"https:\/\/incp.org.co\/agendatributariaincp\/wp-json\/wp\/v2\/posts\/2641\/revisions\/2642"}],"wp:featuredmedia":[{"embeddable":true,"href":"https:\/\/incp.org.co\/agendatributariaincp\/wp-json\/wp\/v2\/media\/2634"}],"wp:attachment":[{"href":"https:\/\/incp.org.co\/agendatributariaincp\/wp-json\/wp\/v2\/media?parent=2641"}],"wp:term":[{"taxonomy":"category","embeddable":true,"href":"https:\/\/incp.org.co\/agendatributariaincp\/wp-json\/wp\/v2\/categories?post=2641"},{"taxonomy":"post_tag","embeddable":true,"href":"https:\/\/incp.org.co\/agendatributariaincp\/wp-json\/wp\/v2\/tags?post=2641"}],"curies":[{"name":"wp","href":"https:\/\/api.w.org\/{rel}","templated":true}]}}