{"id":2660,"date":"2024-12-05T15:30:56","date_gmt":"2024-12-05T20:30:56","guid":{"rendered":"https:\/\/incp.org.co\/agendatributariaincp\/?p=2660"},"modified":"2026-02-19T07:53:05","modified_gmt":"2026-02-19T12:53:05","slug":"nuevo-calendario-para-presentar-la-exogena-del-ano-gravable-2025","status":"publish","type":"post","link":"https:\/\/incp.org.co\/agendatributariaincp\/noticias-incp\/2024\/12\/nuevo-calendario-para-presentar-la-exogena-del-ano-gravable-2025\/","title":{"rendered":"Nuevo calendario para presentar la ex\u00f3gena del a\u00f1o gravable 2025\u00a0"},"content":{"rendered":"\n<p>La Direcci\u00f3n de Impuestos y Aduanas Nacionales (DIAN) expidi\u00f3 la Resoluci\u00f3n No. 000188 del 30 de octubre de 2024*, con la cual modifica y adiciona parcialmente la Resoluci\u00f3n No. 000162 del 31 de octubre de 2023**, en relaci\u00f3n con los obligados a presentar informaci\u00f3n ex\u00f3gena tributaria y sus plazos de entrega. Entre los cambios m\u00e1s importantes se destacan:&nbsp;<\/p>\n\n\n\n<ol class=\"wp-block-list\" start=\"1\">\n<li>Adici\u00f3n de los siguientes sujetos a la lista de obligados a reportar informaci\u00f3n ex\u00f3gena tributaria por el a\u00f1o gravable 2025 y siguientes:\u00a0<\/li>\n<\/ol>\n\n\n\n<ol class=\"wp-block-list\" start=\"1\">\n<li>Los socios o accionistas, comuneros, asociados, suscriptores y similares que no suministraron la informaci\u00f3n a la persona jur\u00eddica en el momento de la enajenaci\u00f3n de acciones, cuotas o partes de inter\u00e9s o aportes que no cotizan en bolsa.\u00a0<\/li>\n<\/ol>\n\n\n\n<ol class=\"wp-block-list\" start=\"2\">\n<li>El Ministerio de Ciencia, Tecnolog\u00eda e Innovaci\u00f3n (MinCiencias)\u00a0<\/li>\n<\/ol>\n\n\n\n<ol class=\"wp-block-list\" start=\"3\">\n<li>El Ministerio de Cultura, las Artes y los Saberes (MinCultura)\u00a0<\/li>\n<\/ol>\n\n\n\n<ol class=\"wp-block-list\" start=\"4\">\n<li>La Agencia Presidencial de Cooperaci\u00f3n Internacional de Colombia\u00a0<\/li>\n<\/ol>\n\n\n\n<ol class=\"wp-block-list\" start=\"5\">\n<li>El Ministerio del Trabajo (MinTrabajo)\u00a0<\/li>\n<\/ol>\n\n\n\n<ol class=\"wp-block-list\" start=\"6\">\n<li>La Unidad de Planeaci\u00f3n Minero \u2013 Energ\u00e9tica (UPME)\u00a0<\/li>\n<\/ol>\n\n\n\n<ol class=\"wp-block-list\" start=\"7\">\n<li>La Autoridad Nacional de Licencias Ambientales (ANLA)\u00a0<\/li>\n<\/ol>\n\n\n\n<ol class=\"wp-block-list\" start=\"8\">\n<li>Las Corporaciones Aut\u00f3nomas Regionales (CARs)\u00a0<\/li>\n<\/ol>\n\n\n\n<ol class=\"wp-block-list\" start=\"9\">\n<li>Las corporaciones para el desarrollo sostenible\u00a0<\/li>\n<\/ol>\n\n\n\n<ol class=\"wp-block-list\" start=\"10\">\n<li>Las autoridades ambientales de los grandes centros urbanos\u00a0<\/li>\n<\/ol>\n\n\n\n<ol class=\"wp-block-list\" start=\"2\">\n<li>Modificaci\u00f3n de los plazos de presentaci\u00f3n de la informaci\u00f3n, con el fin de armonizarlos con los plazos establecidos en el Decreto 1625 de 2016, as\u00ed:\u00a0<\/li>\n<\/ol>\n\n\n\n<figure class=\"wp-block-table\"><table><tbody><tr><td colspan=\"2\"><strong>Grandes contribuyentes<\/strong>&nbsp;<\/td><\/tr><tr><td><strong>\u00daltimo d\u00edgito<\/strong>&nbsp;<\/td><td><strong>Hasta el<\/strong>&nbsp;<\/td><\/tr><tr><td>1&nbsp;<\/td><td>D\u00e9cimo s\u00e9ptimo d\u00eda h\u00e1bil del mes de abril&nbsp;<\/td><\/tr><tr><td>2&nbsp;<\/td><td>D\u00e9cimo octavo d\u00eda h\u00e1bil del mes de abril&nbsp;<\/td><\/tr><tr><td>3&nbsp;<\/td><td>Primer d\u00eda h\u00e1bil del mes de mayo&nbsp;<\/td><\/tr><tr><td>4&nbsp;<\/td><td>Segundo d\u00eda h\u00e1bil del mes de mayo&nbsp;<\/td><\/tr><tr><td>5&nbsp;<\/td><td>Tercer d\u00eda h\u00e1bil del mes de mayo&nbsp;<\/td><\/tr><tr><td>6&nbsp;<\/td><td>Cuarto d\u00eda h\u00e1bil del mes de mayo&nbsp;<\/td><\/tr><tr><td>7&nbsp;<\/td><td>Quinto d\u00eda h\u00e1bil del mes de mayo&nbsp;<\/td><\/tr><tr><td>8&nbsp;<\/td><td>Sexto d\u00eda h\u00e1bil del mes de mayo&nbsp;<\/td><\/tr><tr><td>9&nbsp;<\/td><td>S\u00e9timo d\u00eda h\u00e1bil del mes de mayo&nbsp;<\/td><\/tr><tr><td>0&nbsp;<\/td><td>Octavo d\u00eda h\u00e1bil del mes de mayo&nbsp;<\/td><\/tr><\/tbody><\/table><\/figure>\n\n\n\n<figure class=\"wp-block-table\"><table><tbody><tr><td colspan=\"3\"><strong>Personas jur\u00eddicas y naturales<\/strong>&nbsp;<\/td><\/tr><tr><td><strong>\u00daltimos d\u00edgitos<\/strong>&nbsp;<\/td><td><strong>Hasta el<\/strong>&nbsp;<\/td><td>&nbsp;<\/td><\/tr><tr><td>01 a 05&nbsp;<\/td><td>Noveno d\u00eda h\u00e1bil del mes de mayo&nbsp;<\/td><td>&nbsp;<\/td><\/tr><tr><td>06 a 10&nbsp;<\/td><td>D\u00e9cimo d\u00eda h\u00e1bil del mes de mayo&nbsp;<\/td><td>&nbsp;<\/td><\/tr><tr><td>11 a 15&nbsp;<\/td><td>D\u00e9cimo primer d\u00eda h\u00e1bil del mes de mayo&nbsp;<\/td><td>&nbsp;<\/td><\/tr><tr><td>16 a 20&nbsp;<\/td><td>D\u00e9cimo segundo d\u00eda h\u00e1bil del mes de mayo&nbsp;<\/td><td>&nbsp;<\/td><\/tr><tr><td>21 a 25&nbsp;<\/td><td>D\u00e9cimo tercer d\u00eda h\u00e1bil del mes de mayo&nbsp;<\/td><td>&nbsp;<\/td><\/tr><tr><td>26 a 30&nbsp;<\/td><td>D\u00e9cimo cuarto d\u00eda h\u00e1bil del mes de mayo&nbsp;<\/td><td>&nbsp;<\/td><\/tr><tr><td>31 a 35&nbsp;<\/td><td>D\u00e9cimo quinto d\u00eda h\u00e1bil del mes de mayo&nbsp;<\/td><td>&nbsp;<\/td><\/tr><tr><td>36 a 40&nbsp;<\/td><td>D\u00e9cimo sexto d\u00eda h\u00e1bil del mes de mayo&nbsp;<\/td><td>&nbsp;<\/td><\/tr><tr><td>41 a 45&nbsp;<\/td><td>D\u00e9cimo s\u00e9ptimo d\u00eda h\u00e1bil del mes de mayo&nbsp;<\/td><td>&nbsp;<\/td><\/tr><tr><td>46 a 50&nbsp;<\/td><td>D\u00e9cimo octavo d\u00eda h\u00e1bil del mes de mayo&nbsp;<\/td><td>&nbsp;<\/td><\/tr><tr><td>51 a 55&nbsp;<\/td><td>D\u00e9cimo noveno d\u00eda h\u00e1bil del mes de mayo&nbsp;<\/td><td>&nbsp;<\/td><\/tr><tr><td>56 a 60&nbsp;<\/td><td>Primer d\u00eda h\u00e1bil del mes de junio&nbsp;<\/td><td>&nbsp;<\/td><\/tr><tr><td>61 a 65&nbsp;<\/td><td>Segundo d\u00eda h\u00e1bil del mes de junio&nbsp;<\/td><td>&nbsp;<\/td><\/tr><tr><td>66 a 70&nbsp;<\/td><td>Tercer d\u00eda h\u00e1bil del mes de junio&nbsp;<\/td><td>&nbsp;<\/td><\/tr><tr><td>71 a 75&nbsp;<\/td><td>Cuarto d\u00eda h\u00e1bil del mes de junio&nbsp;<\/td><td>&nbsp;<\/td><\/tr><tr><td>76 a 80&nbsp;<\/td><td>Quinto d\u00eda h\u00e1bil del mes de junio&nbsp;<\/td><td>&nbsp;<\/td><\/tr><tr><td>81 a 85&nbsp;<\/td><td>Sexto d\u00eda h\u00e1bil del mes de junio&nbsp;<\/td><td>&nbsp;<\/td><\/tr><tr><td>86 a 90&nbsp;<\/td><td>S\u00e9ptimo d\u00eda h\u00e1bil del mes de junio&nbsp;<\/td><td>&nbsp;<\/td><\/tr><tr><td>91 a 95&nbsp;<\/td><td>Octavo d\u00eda h\u00e1bil del mes de junio&nbsp;<\/td><td>&nbsp;<\/td><\/tr><tr><td>96 a 00&nbsp;<\/td><td>Noveno d\u00eda h\u00e1bil del mes de junio&nbsp;<\/td><td>&nbsp;<\/td><\/tr><\/tbody><\/table><\/figure>\n\n\n\n<p>Cabe resaltar que los cambios en el calendario de vencimientos aplican para el a\u00f1o gravable 2025, es decir, para la informaci\u00f3n que se presenta en 2026.&nbsp;<\/p>\n\n\n\n<p>Para m\u00e1s informaci\u00f3n, consulte el documento adjunto.&nbsp;<\/p>\n\n\n\n<p>Ver: <a href=\"https:\/\/incp.org.co\/agendatributariaincp\/wp-content\/uploads\/2024\/12\/Resolucion-No.-000188-del-30-de-octubre-de-2024-\u2013-DIAN.pdf\" data-type=\"link\" data-id=\"https:\/\/incp.org.co\/agendatributariaincp\/wp-content\/uploads\/2024\/12\/Resolucion-No.-000188-del-30-de-octubre-de-2024-\u2013-DIAN.pdf\">Resoluci\u00f3n No. 000188 del 30 de octubre de 2024 \u2013 DIAN\u00a0<\/a><\/p>\n\n\n\n<p><em><sub>*Por la cual se modifica y adiciona parcialmente la Resoluci\u00f3n 000162 del 31 de octubre de 2023.<\/sub><\/em>\u00a0<\/p>\n\n\n\n<p><sup><em>**Por la cual se establece el grupo de obligados a suministrar informaci\u00f3n tributaria a la Unidad Administrativa Especial Direcci\u00f3n de Impuestos y Aduanas Nacionales -DIAN, por el a\u00f1o gravable 2024 y siguientes, se se\u00f1ala el contenido, caracter\u00edsticas t\u00e9cnicas para la presentaci\u00f3n y se fijan los plazos para la entrega.<\/em>\u00a0<\/sup><\/p>\n\n\n\n<p><strong>Redacci\u00f3n INCP<\/strong>&nbsp;<\/p>\n","protected":false},"excerpt":{"rendered":"<p>La Direcci\u00f3n de Impuestos y Aduanas Nacionales (DIAN) expidi\u00f3 la Resoluci\u00f3n No. 000188 del 30 de octubre de 2024*, con la cual modifica y adiciona parcialmente la Resoluci\u00f3n No. 000162 del 31 de octubre de 2023**, en relaci\u00f3n con los obligados a presentar informaci\u00f3n ex\u00f3gena tributaria y sus plazos de entrega. Entre los cambios m\u00e1s&hellip; <br \/> <a class=\"read-more\" href=\"https:\/\/incp.org.co\/agendatributariaincp\/noticias-incp\/2024\/12\/nuevo-calendario-para-presentar-la-exogena-del-ano-gravable-2025\/\">Read more<\/a><\/p>\n","protected":false},"author":27934,"featured_media":2657,"comment_status":"open","ping_status":"open","sticky":false,"template":"","format":"standard","meta":{"footnotes":""},"categories":[13],"tags":[],"class_list":["post-2660","post","type-post","status-publish","format-standard","has-post-thumbnail","hentry","category-noticias"],"_links":{"self":[{"href":"https:\/\/incp.org.co\/agendatributariaincp\/wp-json\/wp\/v2\/posts\/2660","targetHints":{"allow":["GET"]}}],"collection":[{"href":"https:\/\/incp.org.co\/agendatributariaincp\/wp-json\/wp\/v2\/posts"}],"about":[{"href":"https:\/\/incp.org.co\/agendatributariaincp\/wp-json\/wp\/v2\/types\/post"}],"author":[{"embeddable":true,"href":"https:\/\/incp.org.co\/agendatributariaincp\/wp-json\/wp\/v2\/users\/27934"}],"replies":[{"embeddable":true,"href":"https:\/\/incp.org.co\/agendatributariaincp\/wp-json\/wp\/v2\/comments?post=2660"}],"version-history":[{"count":1,"href":"https:\/\/incp.org.co\/agendatributariaincp\/wp-json\/wp\/v2\/posts\/2660\/revisions"}],"predecessor-version":[{"id":2662,"href":"https:\/\/incp.org.co\/agendatributariaincp\/wp-json\/wp\/v2\/posts\/2660\/revisions\/2662"}],"wp:featuredmedia":[{"embeddable":true,"href":"https:\/\/incp.org.co\/agendatributariaincp\/wp-json\/wp\/v2\/media\/2657"}],"wp:attachment":[{"href":"https:\/\/incp.org.co\/agendatributariaincp\/wp-json\/wp\/v2\/media?parent=2660"}],"wp:term":[{"taxonomy":"category","embeddable":true,"href":"https:\/\/incp.org.co\/agendatributariaincp\/wp-json\/wp\/v2\/categories?post=2660"},{"taxonomy":"post_tag","embeddable":true,"href":"https:\/\/incp.org.co\/agendatributariaincp\/wp-json\/wp\/v2\/tags?post=2660"}],"curies":[{"name":"wp","href":"https:\/\/api.w.org\/{rel}","templated":true}]}}