{"id":2671,"date":"2024-12-05T15:40:46","date_gmt":"2024-12-05T20:40:46","guid":{"rendered":"https:\/\/incp.org.co\/agendatributariaincp\/?p=2671"},"modified":"2026-02-19T07:52:46","modified_gmt":"2026-02-19T12:52:46","slug":"el-valor-de-la-uvt-para-2025-seria-de-49-799","status":"publish","type":"post","link":"https:\/\/incp.org.co\/agendatributariaincp\/noticias-incp\/2024\/12\/el-valor-de-la-uvt-para-2025-seria-de-49-799\/","title":{"rendered":"El valor de la UVT para 2025 ser\u00eda de $49.799\u00a0"},"content":{"rendered":"\n<p>La Direcci\u00f3n de Impuestos y Aduanas Nacionales (DIAN) public\u00f3 un proyecto de resoluci\u00f3n* proponiendo establecer el valor de la Unidad de Valor Tributario (UVT) para 2025 en $49.799.&nbsp;<\/p>\n\n\n\n<p>Este valor se calcul\u00f3 con base en la variaci\u00f3n anual del \u00edndice de precios al consumidor (IPC) para ingresos medios, considerando el periodo comprendido entre el 1 de octubre del a\u00f1o anterior y la misma fecha del a\u00f1o en curso. Para este 2024, seg\u00fan los datos reportados por el Departamento Administrativo Nacional de Estad\u00edstica (DANE), la variaci\u00f3n de IPC fue del 5,81\u202f%.&nbsp;<\/p>\n\n\n\n<p>Usted podr\u00e1 enviar sus comentarios sobre este proyecto de resoluci\u00f3n hasta el 17 de noviembre dando clic <a href=\"https:\/\/forms.office.com\/r\/hK6jxKJYym\" target=\"_blank\" rel=\"noreferrer noopener\">aqu\u00ed<\/a>.&nbsp;<\/p>\n\n\n\n<p>Para m\u00e1s informaci\u00f3n, consulte el documento adjunto.&nbsp;<\/p>\n\n\n\n<p>Ver: <a href=\"https:\/\/incp.org.co\/agendatributariaincp\/wp-content\/uploads\/2024\/12\/Proyecto-de-resolucion-UVT-2025-DIAN.pdf\" data-type=\"link\" data-id=\"https:\/\/incp.org.co\/agendatributariaincp\/wp-content\/uploads\/2024\/12\/Proyecto-de-resolucion-UVT-2025-DIAN.pdf\">Proyecto de resoluci\u00f3n UVT 2025 \u2013 DIAN<\/a>\u00a0<\/p>\n\n\n\n<p><sub><em>*Por la cual se fija el valor de la Unidad de Valor Tributario \u2013 UVT aplicable para el a\u00f1o 2025<\/em>\u00a0<\/sub><\/p>\n\n\n\n<p><strong>Redacci\u00f3n INCP<\/strong>&nbsp;<\/p>\n","protected":false},"excerpt":{"rendered":"<p>La Direcci\u00f3n de Impuestos y Aduanas Nacionales (DIAN) public\u00f3 un proyecto de resoluci\u00f3n* proponiendo establecer el valor de la Unidad de Valor Tributario (UVT) para 2025 en $49.799.&nbsp; Este valor se calcul\u00f3 con base en la variaci\u00f3n anual del \u00edndice de precios al consumidor (IPC) para ingresos medios, considerando el periodo comprendido entre el 1&hellip; <br \/> <a class=\"read-more\" href=\"https:\/\/incp.org.co\/agendatributariaincp\/noticias-incp\/2024\/12\/el-valor-de-la-uvt-para-2025-seria-de-49-799\/\">Read more<\/a><\/p>\n","protected":false},"author":27934,"featured_media":2674,"comment_status":"open","ping_status":"open","sticky":false,"template":"","format":"standard","meta":{"footnotes":""},"categories":[13],"tags":[],"class_list":["post-2671","post","type-post","status-publish","format-standard","has-post-thumbnail","hentry","category-noticias"],"_links":{"self":[{"href":"https:\/\/incp.org.co\/agendatributariaincp\/wp-json\/wp\/v2\/posts\/2671","targetHints":{"allow":["GET"]}}],"collection":[{"href":"https:\/\/incp.org.co\/agendatributariaincp\/wp-json\/wp\/v2\/posts"}],"about":[{"href":"https:\/\/incp.org.co\/agendatributariaincp\/wp-json\/wp\/v2\/types\/post"}],"author":[{"embeddable":true,"href":"https:\/\/incp.org.co\/agendatributariaincp\/wp-json\/wp\/v2\/users\/27934"}],"replies":[{"embeddable":true,"href":"https:\/\/incp.org.co\/agendatributariaincp\/wp-json\/wp\/v2\/comments?post=2671"}],"version-history":[{"count":1,"href":"https:\/\/incp.org.co\/agendatributariaincp\/wp-json\/wp\/v2\/posts\/2671\/revisions"}],"predecessor-version":[{"id":2675,"href":"https:\/\/incp.org.co\/agendatributariaincp\/wp-json\/wp\/v2\/posts\/2671\/revisions\/2675"}],"wp:featuredmedia":[{"embeddable":true,"href":"https:\/\/incp.org.co\/agendatributariaincp\/wp-json\/wp\/v2\/media\/2674"}],"wp:attachment":[{"href":"https:\/\/incp.org.co\/agendatributariaincp\/wp-json\/wp\/v2\/media?parent=2671"}],"wp:term":[{"taxonomy":"category","embeddable":true,"href":"https:\/\/incp.org.co\/agendatributariaincp\/wp-json\/wp\/v2\/categories?post=2671"},{"taxonomy":"post_tag","embeddable":true,"href":"https:\/\/incp.org.co\/agendatributariaincp\/wp-json\/wp\/v2\/tags?post=2671"}],"curies":[{"name":"wp","href":"https:\/\/api.w.org\/{rel}","templated":true}]}}