{"id":2782,"date":"2024-12-10T12:29:00","date_gmt":"2024-12-10T17:29:00","guid":{"rendered":"https:\/\/incp.org.co\/agendatributariaincp\/?p=2782"},"modified":"2026-02-19T07:50:45","modified_gmt":"2026-02-19T12:50:45","slug":"dias-civicos-no-habiles-no-cuentan-para-terminos-de-actuaciones-de-la-dian","status":"publish","type":"post","link":"https:\/\/incp.org.co\/agendatributariaincp\/sin-categoria\/2024\/12\/dias-civicos-no-habiles-no-cuentan-para-terminos-de-actuaciones-de-la-dian\/","title":{"rendered":"D\u00edas c\u00edvicos no h\u00e1biles no cuentan para t\u00e9rminos de actuaciones de la DIAN"},"content":{"rendered":"\n<p><p style=\"text-align: justify;\">La Direcci\u00f3n de Impuestos y Aduanas Nacionales (DIAN) public\u00f3 el Concepto No. 761 de 2024 pronunci\u00e1ndose sobre la inclusi\u00f3n de d\u00edas c\u00edvicos no h\u00e1biles, decretados por el Gobierno Nacional, en el conteo de t\u00e9rminos para las actuaciones ante la administraci\u00f3n tributaria.<\/p><\/p>\n\n\n\n<p><p style=\"text-align: justify;\">El mencionado concepto se refiere espec\u00edficamente a los d\u00edas 19 de abril y 15 de julio de 2024, los cuales fueron decretados d\u00edas c\u00edvicos no h\u00e1biles para las entidades p\u00fablicas de la Rama Ejecutiva en Colombia. En consecuencia, los plazos para las actuaciones ante la DIAN se extendieron hasta el siguiente d\u00eda h\u00e1bil correspondiente, conforme lo establece el Art\u00edculo 62 de la Ley 4 de 1913*.<\/p><\/p>\n\n\n\n<p><p style=\"text-align: justify;\">En este sentido, la DIAN precis\u00f3 que los d\u00edas decretados como c\u00edvicos no h\u00e1biles para las entidades p\u00fablicas de la Rama Ejecutiva en Colombia no ser\u00e1n tenidos en cuenta en el c\u00e1lculo de t\u00e9rminos para las actuaciones, y en consecuencia, los plazos se prorrogar\u00e1n hasta el siguiente d\u00eda h\u00e1bil.<\/p><\/p>\n\n\n\n<p>Para m\u00e1s informaci\u00f3n, consulte el documento adjunto.<\/p>\n\n\n\n<p>Ver: <a href=\"https:\/\/incp.org.co\/wp-content\/uploads\/2024\/11\/Concepto-No.-761-de-2024-DIAN.pdf\" data-type=\"link\" data-id=\"https:\/\/incp.org.co\/wp-content\/uploads\/2024\/11\/Concepto-No.-761-de-2024-DIAN.pdf\">Concepto No. 761 de 2024 &#8211; DIAN<\/a><\/p>\n\n\n\n<p><em>*Sobre r\u00e9gimen pol\u00edtico y municipal.<\/em><\/p>\n\n\n\n<p><strong>Redacci\u00f3n INCP<\/strong><\/p>\n","protected":false},"excerpt":{"rendered":"<p>La Direcci\u00f3n de Impuestos y Aduanas Nacionales (DIAN) public\u00f3 el Concepto No. 761 de 2024 pronunci\u00e1ndose sobre la inclusi\u00f3n de d\u00edas c\u00edvicos no h\u00e1biles, decretados por el Gobierno Nacional, en el conteo de t\u00e9rminos para las actuaciones ante la administraci\u00f3n tributaria. El mencionado concepto se refiere espec\u00edficamente a los d\u00edas 19 de abril y 15&hellip; <br \/> <a class=\"read-more\" href=\"https:\/\/incp.org.co\/agendatributariaincp\/sin-categoria\/2024\/12\/dias-civicos-no-habiles-no-cuentan-para-terminos-de-actuaciones-de-la-dian\/\">Read more<\/a><\/p>\n","protected":false},"author":27935,"featured_media":2785,"comment_status":"open","ping_status":"open","sticky":false,"template":"","format":"standard","meta":{"footnotes":""},"categories":[13],"tags":[],"class_list":["post-2782","post","type-post","status-publish","format-standard","has-post-thumbnail","hentry","category-noticias"],"_links":{"self":[{"href":"https:\/\/incp.org.co\/agendatributariaincp\/wp-json\/wp\/v2\/posts\/2782","targetHints":{"allow":["GET"]}}],"collection":[{"href":"https:\/\/incp.org.co\/agendatributariaincp\/wp-json\/wp\/v2\/posts"}],"about":[{"href":"https:\/\/incp.org.co\/agendatributariaincp\/wp-json\/wp\/v2\/types\/post"}],"author":[{"embeddable":true,"href":"https:\/\/incp.org.co\/agendatributariaincp\/wp-json\/wp\/v2\/users\/27935"}],"replies":[{"embeddable":true,"href":"https:\/\/incp.org.co\/agendatributariaincp\/wp-json\/wp\/v2\/comments?post=2782"}],"version-history":[{"count":1,"href":"https:\/\/incp.org.co\/agendatributariaincp\/wp-json\/wp\/v2\/posts\/2782\/revisions"}],"predecessor-version":[{"id":2783,"href":"https:\/\/incp.org.co\/agendatributariaincp\/wp-json\/wp\/v2\/posts\/2782\/revisions\/2783"}],"wp:featuredmedia":[{"embeddable":true,"href":"https:\/\/incp.org.co\/agendatributariaincp\/wp-json\/wp\/v2\/media\/2785"}],"wp:attachment":[{"href":"https:\/\/incp.org.co\/agendatributariaincp\/wp-json\/wp\/v2\/media?parent=2782"}],"wp:term":[{"taxonomy":"category","embeddable":true,"href":"https:\/\/incp.org.co\/agendatributariaincp\/wp-json\/wp\/v2\/categories?post=2782"},{"taxonomy":"post_tag","embeddable":true,"href":"https:\/\/incp.org.co\/agendatributariaincp\/wp-json\/wp\/v2\/tags?post=2782"}],"curies":[{"name":"wp","href":"https:\/\/api.w.org\/{rel}","templated":true}]}}