{"id":2793,"date":"2024-12-18T12:50:00","date_gmt":"2024-12-18T17:50:00","guid":{"rendered":"https:\/\/incp.org.co\/agendatributariaincp\/?p=2793"},"modified":"2026-02-19T07:50:17","modified_gmt":"2026-02-19T12:50:17","slug":"minhacienda-propone-actualizar-la-lista-de-paraisos-fiscales","status":"publish","type":"post","link":"https:\/\/incp.org.co\/agendatributariaincp\/noticias-incp\/2024\/12\/minhacienda-propone-actualizar-la-lista-de-paraisos-fiscales\/","title":{"rendered":"MinHacienda propone actualizar la lista de para\u00edsos fiscales"},"content":{"rendered":"\n<p style=\"text-align:justify\">El Ministerio de Hacienda y Cr\u00e9dito P\u00fablico (MinHacienda) public\u00f3 un proyecto de decreto* para actualizar el listado de jurisdicciones no cooperantes y de baja o nula imposici\u00f3n (antes denominadas para\u00edsos fiscales).<\/p>\n\n\n\n<p style=\"text-align:justify\">Recordemos que estas jurisdicciones son seleccionadas de acuerdo con los criterios se\u00f1alados en el art\u00edculo 260-7 del Estatuto Tributario (E.T.). La lista propuesta es la siguiente:<\/p>\n\n\n\n<ol class=\"wp-block-list\">\n<li>Archipi\u00e9lago de Svalbard<\/li>\n\n\n\n<li>Colectividad Territorial de San Pedro y Miguel\u00f3n<\/li>\n\n\n\n<li>Estado de Kuwait<\/li>\n\n\n\n<li>Estado de Qatar<\/li>\n\n\n\n<li>Estado Independiente de Samoa Occidental<\/li>\n\n\n\n<li>Isla Queshm<\/li>\n\n\n\n<li>Islas Pitcairn, Henderson, Ducie y Oeno<\/li>\n\n\n\n<li>Islas Salom\u00f3n<\/li>\n\n\n\n<li>Labu\u00e1n<\/li>\n\n\n\n<li>Macao<\/li>\n\n\n\n<li>Mancomunidad de las Bahamas<\/li>\n\n\n\n<li>Reino de Bahr\u00e9in<\/li>\n\n\n\n<li>Reino Hachem\u00ed de Jordania<\/li>\n\n\n\n<li>Rep\u00fablica Cooperativa de Guyana<\/li>\n\n\n\n<li>Rep\u00fablica de Angola<\/li>\n\n\n\n<li>Rep\u00fablica de Cabo Verde<\/li>\n\n\n\n<li>Rep\u00fablica de las Islas Marshall<\/li>\n\n\n\n<li>Rep\u00fablica de Liberia<\/li>\n\n\n\n<li>Rep\u00fablica de Maldivas<\/li>\n\n\n\n<li>Rep\u00fablica de Nauru<\/li>\n\n\n\n<li>Rep\u00fablica de Trinidad y Tobago<\/li>\n\n\n\n<li>Rep\u00fablica de Vanuatu<\/li>\n\n\n\n<li>Rep\u00fablica del Yemen<\/li>\n\n\n\n<li>Santa Elena, Ascensi\u00f3n y Trist\u00e1n de Cunha<\/li>\n\n\n\n<li>Sultan\u00eda de Om\u00e1n<\/li>\n<\/ol>\n\n\n\n<p style=\"text-align:justify\">Usted podr\u00e1 enviar sus comentarios a este proyecto de resoluci\u00f3n hasta el 10 de diciembre de 2024 dando clic <a href=\"https:\/\/forms.office.com\/pages\/responsepage.aspx?id=2GDqtEm-vECYxBjEO_1yHivi38WBCEdFkETiUcsqrzlURVA3OEdTTjg0TFJPMkhGTktFSklLQ1hGVi4u&amp;origin=lprLink&amp;route=shorturl\">aqu\u00ed<\/a>.<\/p>\n\n\n\n<p>Para m\u00e1s informaci\u00f3n, consulte el documento adjunto.<\/p>\n\n\n\n<p>Ver: <a href=\"https:\/\/incp.org.co\/wp-content\/uploads\/2024\/11\/Proyecto-de-decreto-Paraisos-Fiscales-MinHacienda.pdf\">Proyecto de decreto para\u00edsos fiscales &#8211; MinHacienda<\/a><\/p>\n\n\n\n<p><strong>Redacci\u00f3n INCP<\/strong><\/p>\n","protected":false},"excerpt":{"rendered":"<p>El Ministerio de Hacienda y Cr\u00e9dito P\u00fablico (MinHacienda) public\u00f3 un proyecto de decreto* para actualizar el listado de jurisdicciones no cooperantes y de baja o nula imposici\u00f3n (antes denominadas para\u00edsos fiscales). Recordemos que estas jurisdicciones son seleccionadas de acuerdo con los criterios se\u00f1alados en el art\u00edculo 260-7 del Estatuto Tributario (E.T.). La lista propuesta es&hellip; <br \/> <a class=\"read-more\" href=\"https:\/\/incp.org.co\/agendatributariaincp\/noticias-incp\/2024\/12\/minhacienda-propone-actualizar-la-lista-de-paraisos-fiscales\/\">Read more<\/a><\/p>\n","protected":false},"author":27935,"featured_media":2803,"comment_status":"open","ping_status":"open","sticky":false,"template":"","format":"standard","meta":{"footnotes":""},"categories":[13],"tags":[],"class_list":["post-2793","post","type-post","status-publish","format-standard","has-post-thumbnail","hentry","category-noticias"],"_links":{"self":[{"href":"https:\/\/incp.org.co\/agendatributariaincp\/wp-json\/wp\/v2\/posts\/2793","targetHints":{"allow":["GET"]}}],"collection":[{"href":"https:\/\/incp.org.co\/agendatributariaincp\/wp-json\/wp\/v2\/posts"}],"about":[{"href":"https:\/\/incp.org.co\/agendatributariaincp\/wp-json\/wp\/v2\/types\/post"}],"author":[{"embeddable":true,"href":"https:\/\/incp.org.co\/agendatributariaincp\/wp-json\/wp\/v2\/users\/27935"}],"replies":[{"embeddable":true,"href":"https:\/\/incp.org.co\/agendatributariaincp\/wp-json\/wp\/v2\/comments?post=2793"}],"version-history":[{"count":1,"href":"https:\/\/incp.org.co\/agendatributariaincp\/wp-json\/wp\/v2\/posts\/2793\/revisions"}],"predecessor-version":[{"id":2804,"href":"https:\/\/incp.org.co\/agendatributariaincp\/wp-json\/wp\/v2\/posts\/2793\/revisions\/2804"}],"wp:featuredmedia":[{"embeddable":true,"href":"https:\/\/incp.org.co\/agendatributariaincp\/wp-json\/wp\/v2\/media\/2803"}],"wp:attachment":[{"href":"https:\/\/incp.org.co\/agendatributariaincp\/wp-json\/wp\/v2\/media?parent=2793"}],"wp:term":[{"taxonomy":"category","embeddable":true,"href":"https:\/\/incp.org.co\/agendatributariaincp\/wp-json\/wp\/v2\/categories?post=2793"},{"taxonomy":"post_tag","embeddable":true,"href":"https:\/\/incp.org.co\/agendatributariaincp\/wp-json\/wp\/v2\/tags?post=2793"}],"curies":[{"name":"wp","href":"https:\/\/api.w.org\/{rel}","templated":true}]}}