{"id":2794,"date":"2024-12-17T12:50:00","date_gmt":"2024-12-17T17:50:00","guid":{"rendered":"https:\/\/incp.org.co\/agendatributariaincp\/?p=2794"},"modified":"2025-02-06T15:07:18","modified_gmt":"2025-02-06T20:07:18","slug":"consulte-la-propuesta-de-base-gravable-de-los-vehiculos-automotores-para-2025","status":"publish","type":"post","link":"https:\/\/incp.org.co\/agendatributariaincp\/noticias-incp\/2024\/12\/consulte-la-propuesta-de-base-gravable-de-los-vehiculos-automotores-para-2025\/","title":{"rendered":"Consulte la propuesta de base gravable de los veh\u00edculos automotores para 2025"},"content":{"rendered":"\n<p style=\"text-align:justify\">El Ministerio de Transporte (MinTransporte) present\u00f3 un proyecto de resoluci\u00f3n para establecer la base gravable de los veh\u00edculos automotores correspondiente a la vigencia fiscal 2025, con el fin de determinar el c\u00e1lculo y pago del impuesto vehicular.<\/p>\n\n\n\n<p style=\"text-align:justify\">El proyecto propone procedimientos espec\u00edficos para definir la base gravable seg\u00fan el tipo de veh\u00edculo, considerando aspectos como marca, l\u00ednea, cilindraje del motor, capacidad de carga, capacidad de pasajeros y a\u00f1o del modelo. En casos donde la licencia de tr\u00e1nsito no incluya esta informaci\u00f3n, ser\u00e1 necesario obtener una certificaci\u00f3n de las caracter\u00edsticas faltantes emitida por el organismo de tr\u00e1nsito correspondiente.<\/p>\n\n\n\n<p style=\"text-align:justify\">Adicionalmente, la propuesta de resoluci\u00f3n se\u00f1ala que si el propietario o poseedor considera que el valor comercial del veh\u00edculo es superior al indicado en las tablas anexas, este podr\u00e1 realizar una autoliquidaci\u00f3n voluntaria con el mayor valor estimado, asumiendo la responsabilidad tributaria correspondiente.<\/p>\n\n\n\n<p style=\"text-align:justify\">Usted podr\u00e1 enviar sus comentarios a este proyecto de resoluci\u00f3n hasta el 5 de diciembre de 2024 al correo electr\u00f3nico <a href=\"mailto:mleon@mintransporte.gov.co\">mleon@mintransporte.gov.co<\/a>.<\/p>\n\n\n\n<p>Para m\u00e1s informaci\u00f3n, consulte el documento adjunto.<\/p>\n\n\n\n<p>Ver: <a href=\"https:\/\/incp.org.co\/wp-content\/uploads\/2024\/11\/Proyecto-de-resolucion-base-gravable-vehiculos-2025-MinTransporte-Anexos.pdf\">Proyecto de resoluci\u00f3n base gravable veh\u00edculos 2025 &#8211; MinTransporte<\/a><\/p>\n\n\n\n<p><strong>Redacci\u00f3n INCP<\/strong><\/p>\n","protected":false},"excerpt":{"rendered":"<p>El Ministerio de Transporte (MinTransporte) present\u00f3 un proyecto de resoluci\u00f3n para establecer la base gravable de los veh\u00edculos automotores correspondiente a la vigencia fiscal 2025, con el fin de determinar el c\u00e1lculo y pago del impuesto vehicular. El proyecto propone procedimientos espec\u00edficos para definir la base gravable seg\u00fan el tipo de veh\u00edculo, considerando aspectos como&hellip; <br \/> <a class=\"read-more\" href=\"https:\/\/incp.org.co\/agendatributariaincp\/noticias-incp\/2024\/12\/consulte-la-propuesta-de-base-gravable-de-los-vehiculos-automotores-para-2025\/\">Read more<\/a><\/p>\n","protected":false},"author":27935,"featured_media":2801,"comment_status":"open","ping_status":"open","sticky":false,"template":"","format":"standard","meta":{"footnotes":""},"categories":[13],"tags":[],"class_list":["post-2794","post","type-post","status-publish","format-standard","has-post-thumbnail","hentry","category-noticias"],"_links":{"self":[{"href":"https:\/\/incp.org.co\/agendatributariaincp\/wp-json\/wp\/v2\/posts\/2794","targetHints":{"allow":["GET"]}}],"collection":[{"href":"https:\/\/incp.org.co\/agendatributariaincp\/wp-json\/wp\/v2\/posts"}],"about":[{"href":"https:\/\/incp.org.co\/agendatributariaincp\/wp-json\/wp\/v2\/types\/post"}],"author":[{"embeddable":true,"href":"https:\/\/incp.org.co\/agendatributariaincp\/wp-json\/wp\/v2\/users\/27935"}],"replies":[{"embeddable":true,"href":"https:\/\/incp.org.co\/agendatributariaincp\/wp-json\/wp\/v2\/comments?post=2794"}],"version-history":[{"count":1,"href":"https:\/\/incp.org.co\/agendatributariaincp\/wp-json\/wp\/v2\/posts\/2794\/revisions"}],"predecessor-version":[{"id":2802,"href":"https:\/\/incp.org.co\/agendatributariaincp\/wp-json\/wp\/v2\/posts\/2794\/revisions\/2802"}],"wp:featuredmedia":[{"embeddable":true,"href":"https:\/\/incp.org.co\/agendatributariaincp\/wp-json\/wp\/v2\/media\/2801"}],"wp:attachment":[{"href":"https:\/\/incp.org.co\/agendatributariaincp\/wp-json\/wp\/v2\/media?parent=2794"}],"wp:term":[{"taxonomy":"category","embeddable":true,"href":"https:\/\/incp.org.co\/agendatributariaincp\/wp-json\/wp\/v2\/categories?post=2794"},{"taxonomy":"post_tag","embeddable":true,"href":"https:\/\/incp.org.co\/agendatributariaincp\/wp-json\/wp\/v2\/tags?post=2794"}],"curies":[{"name":"wp","href":"https:\/\/api.w.org\/{rel}","templated":true}]}}