{"id":2809,"date":"2024-12-18T15:17:00","date_gmt":"2024-12-18T20:17:00","guid":{"rendered":"https:\/\/incp.org.co\/agendatributariaincp\/?p=2809"},"modified":"2026-02-19T07:50:12","modified_gmt":"2026-02-19T12:50:12","slug":"cuando-se-causa-el-iva-en-servicios-audiovisuales","status":"publish","type":"post","link":"https:\/\/incp.org.co\/agendatributariaincp\/noticias-incp\/2024\/12\/cuando-se-causa-el-iva-en-servicios-audiovisuales\/","title":{"rendered":"\u00bfCu\u00e1ndo se causa el IVA en servicios audiovisuales?"},"content":{"rendered":"\n<p>La Direcci\u00f3n de Impuestos y Aduanas Nacionales (DIAN) public\u00f3 el Concepto No. 971 del 5 de noviembre de 2024, en el que respondi\u00f3 la siguiente consulta textual: \u201c\u00bfEn qu\u00e9 momento se causa el Impuesto sobre las ventas (IVA) en la prestaci\u00f3n de servicios audiovisuales, incluidos los digitales?\u201d.<\/p>\n\n\n\n<p>La administraci\u00f3n tributaria afirm\u00f3 que, en la prestaci\u00f3n de servicios audiovisuales, incluidos los digitales, el IVA se causa en la fecha que ocurra primero entre la emisi\u00f3n de la factura o documento equivalente, la terminaci\u00f3n del servicio o el pago o abono en cuenta, de acuerdo con lo establecido en el art\u00edculo 429 del Estatuto Tributario (E.T.).<\/p>\n\n\n\n<p>Adicionalmente, la DIAN destac\u00f3 que los servicios audiovisuales comprenden actividades que combinan sonido e imagen, como m\u00fasica, videos, pel\u00edculas, juegos, transmisi\u00f3n de eventos y servicios digitales como el streaming. Asimismo, record\u00f3 a los responsables del impuesto verificar si los servicios prestados est\u00e1n excluidos del IVA seg\u00fan las disposiciones legales.<\/p>\n\n\n\n<p>Para m\u00e1s informaci\u00f3n, consulte el documento adjunto.<\/p>\n\n\n\n<p>Ver:&nbsp;<a href=\"https:\/\/incp.org.co\/wp-content\/uploads\/2024\/12\/Concepto-No.-971-del-5-de-noviembre-de-2024-DIAN.pdf\">Concepto No. 971 del 5 de noviembre de 2024 \u2013 DIAN<\/a><\/p>\n\n\n\n<p><strong>Redacci\u00f3n INCP<\/strong><\/p>\n","protected":false},"excerpt":{"rendered":"<p>La Direcci\u00f3n de Impuestos y Aduanas Nacionales (DIAN) public\u00f3 el Concepto No. 971 del 5 de noviembre de 2024, en el que respondi\u00f3 la siguiente consulta textual: \u201c\u00bfEn qu\u00e9 momento se causa el Impuesto sobre las ventas (IVA) en la prestaci\u00f3n de servicios audiovisuales, incluidos los digitales?\u201d. La administraci\u00f3n tributaria afirm\u00f3 que, en la prestaci\u00f3n&hellip; <br \/> <a class=\"read-more\" href=\"https:\/\/incp.org.co\/agendatributariaincp\/noticias-incp\/2024\/12\/cuando-se-causa-el-iva-en-servicios-audiovisuales\/\">Read more<\/a><\/p>\n","protected":false},"author":27935,"featured_media":2810,"comment_status":"open","ping_status":"open","sticky":false,"template":"","format":"standard","meta":{"footnotes":""},"categories":[13],"tags":[],"class_list":["post-2809","post","type-post","status-publish","format-standard","has-post-thumbnail","hentry","category-noticias"],"_links":{"self":[{"href":"https:\/\/incp.org.co\/agendatributariaincp\/wp-json\/wp\/v2\/posts\/2809","targetHints":{"allow":["GET"]}}],"collection":[{"href":"https:\/\/incp.org.co\/agendatributariaincp\/wp-json\/wp\/v2\/posts"}],"about":[{"href":"https:\/\/incp.org.co\/agendatributariaincp\/wp-json\/wp\/v2\/types\/post"}],"author":[{"embeddable":true,"href":"https:\/\/incp.org.co\/agendatributariaincp\/wp-json\/wp\/v2\/users\/27935"}],"replies":[{"embeddable":true,"href":"https:\/\/incp.org.co\/agendatributariaincp\/wp-json\/wp\/v2\/comments?post=2809"}],"version-history":[{"count":1,"href":"https:\/\/incp.org.co\/agendatributariaincp\/wp-json\/wp\/v2\/posts\/2809\/revisions"}],"predecessor-version":[{"id":2811,"href":"https:\/\/incp.org.co\/agendatributariaincp\/wp-json\/wp\/v2\/posts\/2809\/revisions\/2811"}],"wp:featuredmedia":[{"embeddable":true,"href":"https:\/\/incp.org.co\/agendatributariaincp\/wp-json\/wp\/v2\/media\/2810"}],"wp:attachment":[{"href":"https:\/\/incp.org.co\/agendatributariaincp\/wp-json\/wp\/v2\/media?parent=2809"}],"wp:term":[{"taxonomy":"category","embeddable":true,"href":"https:\/\/incp.org.co\/agendatributariaincp\/wp-json\/wp\/v2\/categories?post=2809"},{"taxonomy":"post_tag","embeddable":true,"href":"https:\/\/incp.org.co\/agendatributariaincp\/wp-json\/wp\/v2\/tags?post=2809"}],"curies":[{"name":"wp","href":"https:\/\/api.w.org\/{rel}","templated":true}]}}