{"id":2824,"date":"2025-01-07T15:42:00","date_gmt":"2025-01-07T20:42:00","guid":{"rendered":"https:\/\/incp.org.co\/agendatributariaincp\/?p=2824"},"modified":"2026-02-19T07:43:07","modified_gmt":"2026-02-19T12:43:07","slug":"nuevo-proyecto-reglamentaria-el-recaudo-del-impuesto-sobre-la-renta-para-pes","status":"publish","type":"post","link":"https:\/\/incp.org.co\/agendatributariaincp\/noticias-incp\/2025\/01\/nuevo-proyecto-reglamentaria-el-recaudo-del-impuesto-sobre-la-renta-para-pes\/","title":{"rendered":"Nuevo proyecto reglamentar\u00eda el recaudo del impuesto sobre la renta para PES"},"content":{"rendered":"\n<p style=\"text-align:justify\">El Ministerio de Hacienda y Cr\u00e9dito P\u00fablico (MinHacienda) emiti\u00f3 un proyecto de decreto*, con el que busca reglamentar algunos asuntos relacionados con el mecanismo de recaudo del impuesto sobre la renta y complementarios para sujetos con Presencia Econ\u00f3mica Significativa (PES) en Colombia.<\/p>\n\n\n\n<p style=\"text-align:justify\">En primera medida, el proyecto propone establecer que cuando un contribuyente con PES en Colombia se haya inscrito en el Registro \u00danico Tributario (RUT) en un bimestre en curso, la obligaci\u00f3n de hacer el pago del mecanismo de recaudo ser\u00e1 exigible a partir del siguiente bimestre.<\/p>\n\n\n\n<p style=\"text-align:justify\">Por otro lado, el proyecto propone modificar la prelaci\u00f3n de agentes de retenci\u00f3n para la aplicaci\u00f3n de la retenci\u00f3n en la fuente a t\u00edtulo del impuesto sobre la renta y complementarios realizada a los sujetos con PES. As\u00ed bien, cuando concurran en una misma operaci\u00f3n m\u00faltiples agentes de retenci\u00f3n, se tendr\u00eda en cuenta el siguiente orden de prelaci\u00f3n:<\/p>\n\n\n\n<ol class=\"wp-block-list\">\n<li>Los agentes de retenci\u00f3n establecidos en el art\u00edculo 368 del Estatuto Tributario (E.T.) cuando adquieran directamente el bien o servicio.<\/li>\n\n\n\n<li>Los proveedores de servicios de pago cuando los pagos se realicen por medio de \u00e9stos y operen a trav\u00e9s de una sociedad colombiana o un establecimiento permanente en Colombia.<\/li>\n\n\n\n<li>Los operadores de la interfaz digital, siempre y cuando operen a trav\u00e9s de una sociedad colombiana o un establecimiento permanente en Colombia.<\/li>\n\n\n\n<li>El adquirente, seg\u00fan los t\u00e9rminos del art\u00edculo 2.17.1.1.1. del Decreto 2555 de 2010, que haga parte del contrato de adquirencia con el contribuyente con presencia econ\u00f3mica significativa en Colombia o con el proveedor de servicios de pago del exterior.<\/li>\n\n\n\n<li>La entidad financiera emisora de la tarjeta cuando este sea el medio de pago y cuente con la informaci\u00f3n necesaria para practicarla, pudiendo solicitar informaci\u00f3n a otros agentes.<\/li>\n\n\n\n<li>La entidad que provea el producto o servicio financiero, si la transacci\u00f3n es diferente al pago con tarjeta cr\u00e9dito o d\u00e9bito y corresponde a otro producto o servicio financiero.<\/li>\n\n\n\n<li>Los recaudadores de efectivo a cargo de terceros.<\/li>\n\n\n\n<li>Los vendedores de tarjetas prepago.<\/li>\n\n\n\n<li>Los dem\u00e1s que designe la Direcci\u00f3n de Impuestos y Aduanas Nacionales (DIAN).<\/li>\n<\/ol>\n\n\n\n<p style=\"text-align:justify\">Cabe aclarar que el agente retenedor practicar\u00e1 esta retenci\u00f3n en la fuente a t\u00edtulo del impuesto sobre la renta, salvo que el vendedor o prestador de servicios desde el exterior manifieste bajo gravedad de juramento que no tiene PES en Colombia o cuando haya optado por declarar el impuesto sobre la renta y haya solicitado la no sujeci\u00f3n a la retenci\u00f3n en la fuente.<\/p>\n\n\n\n<p>Usted puede enviar sus comentarios a este proyecto de decreto hasta el 18 de diciembre de 2024 haciendo clic <a href=\"https:\/\/forms.office.com\/pages\/responsepage.aspx?id=2GDqtEm-vECYxBjEO_1yHivi38WBCEdFkETiUcsqrzlUNEI1SU1FNUJEUjRERzgwVjJHT0RMRUgwRS4u&amp;origin=lprLink&amp;route=shorturl&amp;fswReload=1&amp;fswNavStart=1733834284074\">aqu\u00ed<\/a>.<\/p>\n\n\n\n<p>Para m\u00e1s informaci\u00f3n, consulte el documento adjunto.<\/p>\n\n\n\n<p>Ver: <a href=\"https:\/\/incp.org.co\/wp-content\/uploads\/2024\/12\/Proyecto-de-decreto-reglamentacion-recaudo-PES.pdf\">Proyecto de decreto reglamentaci\u00f3n de PES en Colombia<\/a><\/p>\n\n\n\n<p><em>*Por el cual se adiciona el par\u00e1grafo 5 al art\u00edculo 1.2.1.28.4.5. de la Secci\u00f3n 4 del Cap\u00edtulo 28 del T\u00edtulo 1 de la Parte 2 del Libro 1 y se sustituye el art\u00edculo 1.2.4.39. del T\u00edtulo 4 de la Parte 2 del Libro 1, ambos del Decreto 1625 de 2016, \u00danico Reglamentario en Materia Tributaria, relacionados con el mecanismo de recaudo del impuesto sobre la renta y complementarios para sujetos con Presencia Econ\u00f3mica Significativa -PES en Colombia<\/em><\/p>\n\n\n\n<p><strong>Redacci\u00f3n INCP<\/strong><\/p>\n","protected":false},"excerpt":{"rendered":"<p>El Ministerio de Hacienda y Cr\u00e9dito P\u00fablico (MinHacienda) emiti\u00f3 un proyecto de decreto*, con el que busca reglamentar algunos asuntos relacionados con el mecanismo de recaudo del impuesto sobre la renta y complementarios para sujetos con Presencia Econ\u00f3mica Significativa (PES) en Colombia. En primera medida, el proyecto propone establecer que cuando un contribuyente con PES&hellip; <br \/> <a class=\"read-more\" href=\"https:\/\/incp.org.co\/agendatributariaincp\/noticias-incp\/2025\/01\/nuevo-proyecto-reglamentaria-el-recaudo-del-impuesto-sobre-la-renta-para-pes\/\">Read more<\/a><\/p>\n","protected":false},"author":27935,"featured_media":2825,"comment_status":"open","ping_status":"open","sticky":false,"template":"","format":"standard","meta":{"footnotes":""},"categories":[13],"tags":[],"class_list":["post-2824","post","type-post","status-publish","format-standard","has-post-thumbnail","hentry","category-noticias"],"_links":{"self":[{"href":"https:\/\/incp.org.co\/agendatributariaincp\/wp-json\/wp\/v2\/posts\/2824","targetHints":{"allow":["GET"]}}],"collection":[{"href":"https:\/\/incp.org.co\/agendatributariaincp\/wp-json\/wp\/v2\/posts"}],"about":[{"href":"https:\/\/incp.org.co\/agendatributariaincp\/wp-json\/wp\/v2\/types\/post"}],"author":[{"embeddable":true,"href":"https:\/\/incp.org.co\/agendatributariaincp\/wp-json\/wp\/v2\/users\/27935"}],"replies":[{"embeddable":true,"href":"https:\/\/incp.org.co\/agendatributariaincp\/wp-json\/wp\/v2\/comments?post=2824"}],"version-history":[{"count":1,"href":"https:\/\/incp.org.co\/agendatributariaincp\/wp-json\/wp\/v2\/posts\/2824\/revisions"}],"predecessor-version":[{"id":2826,"href":"https:\/\/incp.org.co\/agendatributariaincp\/wp-json\/wp\/v2\/posts\/2824\/revisions\/2826"}],"wp:featuredmedia":[{"embeddable":true,"href":"https:\/\/incp.org.co\/agendatributariaincp\/wp-json\/wp\/v2\/media\/2825"}],"wp:attachment":[{"href":"https:\/\/incp.org.co\/agendatributariaincp\/wp-json\/wp\/v2\/media?parent=2824"}],"wp:term":[{"taxonomy":"category","embeddable":true,"href":"https:\/\/incp.org.co\/agendatributariaincp\/wp-json\/wp\/v2\/categories?post=2824"},{"taxonomy":"post_tag","embeddable":true,"href":"https:\/\/incp.org.co\/agendatributariaincp\/wp-json\/wp\/v2\/tags?post=2824"}],"curies":[{"name":"wp","href":"https:\/\/api.w.org\/{rel}","templated":true}]}}