{"id":2838,"date":"2025-01-10T16:10:00","date_gmt":"2025-01-10T21:10:00","guid":{"rendered":"https:\/\/incp.org.co\/agendatributariaincp\/?p=2838"},"modified":"2026-02-19T07:42:29","modified_gmt":"2026-02-19T12:42:29","slug":"este-seria-el-ajuste-del-costo-fiscal-de-activos-fijos-para-2024","status":"publish","type":"post","link":"https:\/\/incp.org.co\/agendatributariaincp\/noticias-incp\/2025\/01\/este-seria-el-ajuste-del-costo-fiscal-de-activos-fijos-para-2024\/","title":{"rendered":"Este ser\u00eda el ajuste del costo fiscal de activos fijos para 2024"},"content":{"rendered":"\n<p>El Ministerio de Hacienda y Cr\u00e9dito P\u00fablico (MinHacienda) emiti\u00f3 un proyecto de decreto* que pretende reglamentar los art\u00edculos 70 y 73 del Estatuto Tributario (E.T.). Puntualmente, los contribuyentes podr\u00e1n ajustar el costo de los activos fijos por el a\u00f1o gravable 2024 en un 10,97&nbsp;%.<\/p>\n\n\n\n<p>Asimismo, propone que para efectos de determinar la renta o ganancia ocasional, seg\u00fan sea el caso, proveniente de la enajenaci\u00f3n durante el a\u00f1o gravable 2024 de bienes ra\u00edces y acciones o aportes que tengan el car\u00e1cter de activos fijos, los contribuyentes que sean personas naturales podr\u00e1n tomar como costo fiscal cualquiera de los siguientes valores:<\/p>\n\n\n\n<ol class=\"wp-block-list\">\n<li>El valor que se obtenga de multiplicar el costo fiscal de los activos fijos enajenados que figure en la declaraci\u00f3n de renta por el a\u00f1o gravable 1986 por: 52,55 si se trata de acciones o aportes, por 423,90 en el caso de bienes ra\u00edces urbanos, o por 418,58 en el caso de bienes ra\u00edces rurales.<\/li>\n\n\n\n<li>El valor que se obtenga de multiplicar el costo de adquisici\u00f3n del bien enajenado por la cifra de ajuste que figure frente al a\u00f1o de adquisici\u00f3n conforme a la siguiente tabla:<\/li>\n<\/ol>\n\n\n\n<figure class=\"wp-block-image size-full is-resized\"><img loading=\"lazy\" decoding=\"async\" width=\"739\" height=\"475\" src=\"https:\/\/incp.org.co\/agendatributariaincp\/wp-content\/uploads\/2025\/02\/image-1.png\" alt=\"\" class=\"wp-image-2843\" style=\"width:797px;height:auto\" srcset=\"https:\/\/incp.org.co\/agendatributariaincp\/wp-content\/uploads\/2025\/02\/image-1.png 739w, https:\/\/incp.org.co\/agendatributariaincp\/wp-content\/uploads\/2025\/02\/image-1-300x193.png 300w\" sizes=\"auto, (max-width: 739px) 100vw, 739px\" \/><\/figure>\n\n\n\n<figure class=\"wp-block-image size-full is-resized\"><img loading=\"lazy\" decoding=\"async\" width=\"525\" height=\"751\" src=\"https:\/\/incp.org.co\/agendatributariaincp\/wp-content\/uploads\/2025\/02\/image-2.png\" alt=\"\" class=\"wp-image-2844\" style=\"width:800px;height:auto\" srcset=\"https:\/\/incp.org.co\/agendatributariaincp\/wp-content\/uploads\/2025\/02\/image-2.png 525w, https:\/\/incp.org.co\/agendatributariaincp\/wp-content\/uploads\/2025\/02\/image-2-210x300.png 210w\" sizes=\"auto, (max-width: 525px) 100vw, 525px\" \/><\/figure>\n\n\n\n<figure class=\"wp-block-image size-full is-resized\"><img loading=\"lazy\" decoding=\"async\" width=\"526\" height=\"574\" src=\"https:\/\/incp.org.co\/agendatributariaincp\/wp-content\/uploads\/2025\/02\/image-3.png\" alt=\"\" class=\"wp-image-2845\" style=\"width:799px;height:auto\" srcset=\"https:\/\/incp.org.co\/agendatributariaincp\/wp-content\/uploads\/2025\/02\/image-3.png 526w, https:\/\/incp.org.co\/agendatributariaincp\/wp-content\/uploads\/2025\/02\/image-3-275x300.png 275w\" sizes=\"auto, (max-width: 526px) 100vw, 526px\" \/><\/figure>\n\n\n\n<p>Usted puede enviar sus comentarios a este proyecto de decreto hasta el 31 de diciembre de 2024 dando clic <a href=\"https:\/\/www.minhacienda.gov.co\/web\/forms\/shared\/-\/form\/2051116\">aqu\u00ed<\/a>.<\/p>\n\n\n\n<p>Para m\u00e1s informaci\u00f3n, consulte el documento adjunto.<\/p>\n\n\n\n<p>Ver: <a href=\"https:\/\/incp.org.co\/wp-content\/uploads\/2024\/12\/Proyecto-de-decreto-Ajuste-del-costo-fiscal-MinHacienda.pdf\">Proyecto ajuste del costo fiscal &#8211; MinHacienda<\/a><\/p>\n\n\n\n<p><strong>Redacci\u00f3n INCP<\/strong><\/p>\n","protected":false},"excerpt":{"rendered":"<p>El Ministerio de Hacienda y Cr\u00e9dito P\u00fablico (MinHacienda) emiti\u00f3 un proyecto de decreto* que pretende reglamentar los art\u00edculos 70 y 73 del Estatuto Tributario (E.T.). Puntualmente, los contribuyentes podr\u00e1n ajustar el costo de los activos fijos por el a\u00f1o gravable 2024 en un 10,97&nbsp;%. Asimismo, propone que para efectos de determinar la renta o ganancia&hellip; <br \/> <a class=\"read-more\" href=\"https:\/\/incp.org.co\/agendatributariaincp\/noticias-incp\/2025\/01\/este-seria-el-ajuste-del-costo-fiscal-de-activos-fijos-para-2024\/\">Read more<\/a><\/p>\n","protected":false},"author":27935,"featured_media":2846,"comment_status":"open","ping_status":"open","sticky":false,"template":"","format":"standard","meta":{"footnotes":""},"categories":[13],"tags":[],"class_list":["post-2838","post","type-post","status-publish","format-standard","has-post-thumbnail","hentry","category-noticias"],"_links":{"self":[{"href":"https:\/\/incp.org.co\/agendatributariaincp\/wp-json\/wp\/v2\/posts\/2838","targetHints":{"allow":["GET"]}}],"collection":[{"href":"https:\/\/incp.org.co\/agendatributariaincp\/wp-json\/wp\/v2\/posts"}],"about":[{"href":"https:\/\/incp.org.co\/agendatributariaincp\/wp-json\/wp\/v2\/types\/post"}],"author":[{"embeddable":true,"href":"https:\/\/incp.org.co\/agendatributariaincp\/wp-json\/wp\/v2\/users\/27935"}],"replies":[{"embeddable":true,"href":"https:\/\/incp.org.co\/agendatributariaincp\/wp-json\/wp\/v2\/comments?post=2838"}],"version-history":[{"count":1,"href":"https:\/\/incp.org.co\/agendatributariaincp\/wp-json\/wp\/v2\/posts\/2838\/revisions"}],"predecessor-version":[{"id":2847,"href":"https:\/\/incp.org.co\/agendatributariaincp\/wp-json\/wp\/v2\/posts\/2838\/revisions\/2847"}],"wp:featuredmedia":[{"embeddable":true,"href":"https:\/\/incp.org.co\/agendatributariaincp\/wp-json\/wp\/v2\/media\/2846"}],"wp:attachment":[{"href":"https:\/\/incp.org.co\/agendatributariaincp\/wp-json\/wp\/v2\/media?parent=2838"}],"wp:term":[{"taxonomy":"category","embeddable":true,"href":"https:\/\/incp.org.co\/agendatributariaincp\/wp-json\/wp\/v2\/categories?post=2838"},{"taxonomy":"post_tag","embeddable":true,"href":"https:\/\/incp.org.co\/agendatributariaincp\/wp-json\/wp\/v2\/tags?post=2838"}],"curies":[{"name":"wp","href":"https:\/\/api.w.org\/{rel}","templated":true}]}}