{"id":2895,"date":"2025-01-27T08:12:33","date_gmt":"2025-01-27T13:12:33","guid":{"rendered":"https:\/\/incp.org.co\/agendatributariaincp\/?p=2895"},"modified":"2026-02-19T07:35:31","modified_gmt":"2026-02-19T12:35:31","slug":"consejo-de-estado-suspende-efectos-del-concepto-de-la-dian-sobre-la-tasa-minima-de-tributacion","status":"publish","type":"post","link":"https:\/\/incp.org.co\/agendatributariaincp\/noticias-incp\/2025\/01\/consejo-de-estado-suspende-efectos-del-concepto-de-la-dian-sobre-la-tasa-minima-de-tributacion\/","title":{"rendered":"Consejo de Estado suspende efectos del Concepto de la DIAN sobre la tasa m\u00ednima de tributaci\u00f3n"},"content":{"rendered":"\n<p style=\"text-align:justify\">El Consejo de Estado public\u00f3 la Sentencia No. 28920 del 16 de diciembre de 2024, por medio de la cual suspendi\u00f3 provisionalmente los efectos de los numerales 12 y 20 del cap\u00edtulo VI, titulado \u201cTasa m\u00ednima de tributaci\u00f3n\u201d, del <a href=\"https:\/\/incp.org.co\/publicaciones\/infoincp-publicaciones\/impuestos\/nacionales\/2024\/04\/dudas-sobre-la-tasa-minima-de-tributacion\/\">Concepto No. 100208192-202 del 22 de marzo de 2024<\/a>. Este concepto, emitido por la Direcci\u00f3n de Impuestos y Aduanas Nacionales (DIAN), constituye la octava adici\u00f3n al Concepto general del impuesto sobre la renta de personas jur\u00eddicas con motivo de la Ley 2277 de 2022.<\/p>\n\n\n\n<p style=\"text-align:justify\">El Consejo concluy\u00f3 que la suspensi\u00f3n provisional era procedente al identificar contradicciones entre el Concepto No. 100208192-202 de la DIAN y los art\u00edculos 49 y 240 del Estatuto Tributario (E.T.).<\/p>\n\n\n\n<p style=\"text-align:justify\">En el numeral 12 del Concepto, la DIAN estableci\u00f3 que las sociedades con p\u00e9rdidas contables tambi\u00e9n estar\u00edan sujetas a la tasa de tributaci\u00f3n depurada (TTD), pese a que el art\u00edculo 240 del E.T., modificado por la Ley 2277 de 2022, limita su aplicaci\u00f3n a los casos con utilidades financieras. Seg\u00fan el Consejo de Estado, esta interpretaci\u00f3n introduce una carga fiscal no contemplada por el legislador.<\/p>\n\n\n\n<p style=\"text-align:justify\">Asimismo, en el numeral 20 del Concepto, la DIAN consider\u00f3 que el impuesto a adicionar (IA) que resulte de la aplicaci\u00f3n de la TTD hac\u00eda parte del impuesto b\u00e1sico de renta para calcular los dividendos gravados y no gravados, en contrav\u00eda con el art\u00edculo 49 del E.T.. Seg\u00fan el Consejo de Estado, este enfoque, que afecta la base gravable del impuesto a cargo del accionista, reduce el valor m\u00e1ximo de los dividendos no gravados al reducir el monto m\u00e1ximo distribuible como ingresos no constitutivos de renta ni ganancia ocasional., generando una mayor carga tributaria.<\/p>\n\n\n\n<p>Para m\u00e1s informaci\u00f3n, consulte el documento adjunto.<\/p>\n\n\n\n<p>Ver: <a href=\"https:\/\/incp.org.co\/wp-content\/uploads\/2025\/01\/Sentencia-No.-28920-del-16-de-diciembre-de-2024-\u2013-Consejo-de-Estado.pdf\">Sentencia No. 28920 de 2024 \u2013 Consejo de Estado<\/a><\/p>\n\n\n\n<p><strong>Redacci\u00f3n INCP<\/strong><\/p>\n\n\n\n<hr class=\"wp-block-separator has-alpha-channel-opacity\"\/>\n","protected":false},"excerpt":{"rendered":"<p>El Consejo de Estado public\u00f3 la Sentencia No. 28920 del 16 de diciembre de 2024, por medio de la cual suspendi\u00f3 provisionalmente los efectos de los numerales 12 y 20 del cap\u00edtulo VI, titulado \u201cTasa m\u00ednima de tributaci\u00f3n\u201d, del Concepto No. 100208192-202 del 22 de marzo de 2024. Este concepto, emitido por la Direcci\u00f3n de&hellip; <br \/> <a class=\"read-more\" href=\"https:\/\/incp.org.co\/agendatributariaincp\/noticias-incp\/2025\/01\/consejo-de-estado-suspende-efectos-del-concepto-de-la-dian-sobre-la-tasa-minima-de-tributacion\/\">Read more<\/a><\/p>\n","protected":false},"author":27935,"featured_media":2905,"comment_status":"open","ping_status":"open","sticky":false,"template":"","format":"standard","meta":{"footnotes":""},"categories":[13],"tags":[],"class_list":["post-2895","post","type-post","status-publish","format-standard","has-post-thumbnail","hentry","category-noticias"],"_links":{"self":[{"href":"https:\/\/incp.org.co\/agendatributariaincp\/wp-json\/wp\/v2\/posts\/2895","targetHints":{"allow":["GET"]}}],"collection":[{"href":"https:\/\/incp.org.co\/agendatributariaincp\/wp-json\/wp\/v2\/posts"}],"about":[{"href":"https:\/\/incp.org.co\/agendatributariaincp\/wp-json\/wp\/v2\/types\/post"}],"author":[{"embeddable":true,"href":"https:\/\/incp.org.co\/agendatributariaincp\/wp-json\/wp\/v2\/users\/27935"}],"replies":[{"embeddable":true,"href":"https:\/\/incp.org.co\/agendatributariaincp\/wp-json\/wp\/v2\/comments?post=2895"}],"version-history":[{"count":1,"href":"https:\/\/incp.org.co\/agendatributariaincp\/wp-json\/wp\/v2\/posts\/2895\/revisions"}],"predecessor-version":[{"id":2906,"href":"https:\/\/incp.org.co\/agendatributariaincp\/wp-json\/wp\/v2\/posts\/2895\/revisions\/2906"}],"wp:featuredmedia":[{"embeddable":true,"href":"https:\/\/incp.org.co\/agendatributariaincp\/wp-json\/wp\/v2\/media\/2905"}],"wp:attachment":[{"href":"https:\/\/incp.org.co\/agendatributariaincp\/wp-json\/wp\/v2\/media?parent=2895"}],"wp:term":[{"taxonomy":"category","embeddable":true,"href":"https:\/\/incp.org.co\/agendatributariaincp\/wp-json\/wp\/v2\/categories?post=2895"},{"taxonomy":"post_tag","embeddable":true,"href":"https:\/\/incp.org.co\/agendatributariaincp\/wp-json\/wp\/v2\/tags?post=2895"}],"curies":[{"name":"wp","href":"https:\/\/api.w.org\/{rel}","templated":true}]}}